{"id":2896,"date":"2023-11-10T08:00:00","date_gmt":"2023-11-10T07:00:00","guid":{"rendered":"https:\/\/levangilealecran.com\/?p=2896"},"modified":"2023-11-08T09:15:13","modified_gmt":"2023-11-08T08:15:13","slug":"32e-dimanche-du-temps-ordinaire-a-12-novembre-2023","status":"publish","type":"post","link":"https:\/\/levangilealecran.com\/?p=2896","title":{"rendered":"32e dimanche du temps ordinaire \u2013 A \u2013 12 novembre 2023"},"content":{"rendered":"\n<blockquote class=\"wp-block-quote is-layout-flow wp-block-quote-is-layout-flow\"><p>\u00ab\u00a0Mais il r\u00e9pondit : Je vous le dis en v\u00e9rit\u00e9, je ne vous connais pas.\u00a0\u00bb<\/p><cite>Matthieu 25,12<\/cite><\/blockquote>\n\n\n\n<figure class=\"wp-block-image size-large\"><a href=\"https:\/\/levangilealecran.com\/wp-content\/uploads\/2023\/11\/Mt2512.jpg\"><img loading=\"lazy\" decoding=\"async\" width=\"594\" height=\"1024\" src=\"https:\/\/levangilealecran.com\/wp-content\/uploads\/2023\/11\/Mt2512-594x1024.jpg\" alt=\"\" class=\"wp-image-2897\" srcset=\"https:\/\/levangilealecran.com\/wp-content\/uploads\/2023\/11\/Mt2512-594x1024.jpg 594w, https:\/\/levangilealecran.com\/wp-content\/uploads\/2023\/11\/Mt2512-174x300.jpg 174w, https:\/\/levangilealecran.com\/wp-content\/uploads\/2023\/11\/Mt2512-768x1324.jpg 768w, https:\/\/levangilealecran.com\/wp-content\/uploads\/2023\/11\/Mt2512-891x1536.jpg 891w, https:\/\/levangilealecran.com\/wp-content\/uploads\/2023\/11\/Mt2512-87x150.jpg 87w, https:\/\/levangilealecran.com\/wp-content\/uploads\/2023\/11\/Mt2512.jpg 1079w\" sizes=\"auto, (max-width: 594px) 100vw, 594px\" \/><\/a><\/figure>\n\n\n\n<p class=\"wp-block-paragraph\"><strong>> Ces pauvres vierges \u00e9cervel\u00e9es, elles ont triste mine au portail de la cath\u00e9drale de Strasbourg\u2026 Les rouleaux de la Loi sont ferm\u00e9s \u00e0 leurs poings serr\u00e9s et leur lampe retourn\u00e9e, l&rsquo;huile \u00e0 sec\u2026 plus de combustible! L&rsquo;attente dure, les ressources s&rsquo;\u00e9puisent et ces vierges sages qui leur refusent de l&rsquo;aide. Elle est dure cette parabole !<\/strong><\/p>\n\n\n\n<p class=\"wp-block-paragraph\"><strong>Pri\u00e8re:<br>Quand ma lampe est vide, je ressemble \u00e0 une folle<br>Et tu ne me (re)connais pas<br>J&rsquo;ai chang\u00e9 de visage, j&rsquo;ai la mine renfrognee<br>Et je me crispe en vain sur ma Bible qui demeure ferm\u00e9e, <\/strong><br><strong>Si bien que je ne peux plus faire provision de ta gr\u00e2ce<br>C&rsquo;est pourtant cela mon carburant !<br>Dans ces moments-l\u00e0 Seigneur\u2026 Toi qui tardes \u00e0 venir\u2026<br>C&rsquo;est bien la pri\u00e8re de bons amis qui m&rsquo;aide \u00e0 rallumer la flamme!<br>Merci parce que, heureusement, la pri\u00e8re passe par des vases communiquants!<br>Et lorsque je doute\u2026 ce sont ceux qui croient plus que moi \u00e0 ce moment-l\u00e0 qui raniment ma foi et qui me rendent \u00e0 nouveau reconnaissable et reconnaissante!<\/strong><\/p>\n","protected":false},"excerpt":{"rendered":"<p>\u00ab\u00a0Mais il r\u00e9pondit : Je vous le dis en v\u00e9rit\u00e9, je ne vous connais pas.\u00a0\u00bb Matthieu 25,12 > Ces pauvres vierges \u00e9cervel\u00e9es, elles ont triste mine au portail de la cath\u00e9drale de Strasbourg\u2026 Les rouleaux de la Loi sont ferm\u00e9s \u00e0 leurs poings serr\u00e9s et leur lampe retourn\u00e9e, l&rsquo;huile \u00e0 sec\u2026 plus de combustible! L&rsquo;attente dure, les ressources s&rsquo;\u00e9puisent et ces vierges sages qui leur refusent de l&rsquo;aide. Elle est dure cette parabole ! Pri\u00e8re:Quand ma lampe est vide, je ressemble \u00e0 une folleEt tu ne me (re)connais pasJ&rsquo;ai chang\u00e9 de visage, j&rsquo;ai la mine renfrogneeEt je me crispe en vain sur ma Bible qui demeure ferm\u00e9e, Si bien que \u2026 <a class=\"continue-reading-link\" href=\"https:\/\/levangilealecran.com\/?p=2896\"> Continue reading <span class=\"meta-nav\">&rarr; <\/span><\/a><\/p>\n","protected":false},"author":2006,"featured_media":0,"comment_status":"open","ping_status":"open","sticky":false,"template":"","format":"standard","meta":{"footnotes":""},"categories":[4,8],"tags":[293,76,940,31,939],"class_list":["post-2896","post","type-post","status-publish","format-standard","hentry","category-dimanche","category-matthieu","tag-doute","tag-foi","tag-huile","tag-priere","tag-vierges"],"_links":{"self":[{"href":"https:\/\/levangilealecran.com\/index.php?rest_route=\/wp\/v2\/posts\/2896","targetHints":{"allow":["GET"]}}],"collection":[{"href":"https:\/\/levangilealecran.com\/index.php?rest_route=\/wp\/v2\/posts"}],"about":[{"href":"https:\/\/levangilealecran.com\/index.php?rest_route=\/wp\/v2\/types\/post"}],"author":[{"embeddable":true,"href":"https:\/\/levangilealecran.com\/index.php?rest_route=\/wp\/v2\/users\/2006"}],"replies":[{"embeddable":true,"href":"https:\/\/levangilealecran.com\/index.php?rest_route=%2Fwp%2Fv2%2Fcomments&post=2896"}],"version-history":[{"count":4,"href":"https:\/\/levangilealecran.com\/index.php?rest_route=\/wp\/v2\/posts\/2896\/revisions"}],"predecessor-version":[{"id":2903,"href":"https:\/\/levangilealecran.com\/index.php?rest_route=\/wp\/v2\/posts\/2896\/revisions\/2903"}],"wp:attachment":[{"href":"https:\/\/levangilealecran.com\/index.php?rest_route=%2Fwp%2Fv2%2Fmedia&parent=2896"}],"wp:term":[{"taxonomy":"category","embeddable":true,"href":"https:\/\/levangilealecran.com\/index.php?rest_route=%2Fwp%2Fv2%2Fcategories&post=2896"},{"taxonomy":"post_tag","embeddable":true,"href":"https:\/\/levangilealecran.com\/index.php?rest_route=%2Fwp%2Fv2%2Ftags&post=2896"}],"curies":[{"name":"wp","href":"https:\/\/api.w.org\/{rel}","templated":true}]}}