{"id":2889,"date":"2023-11-03T08:00:00","date_gmt":"2023-11-03T07:00:00","guid":{"rendered":"https:\/\/levangilealecran.com\/?p=2889"},"modified":"2023-11-02T10:38:22","modified_gmt":"2023-11-02T09:38:22","slug":"31e-dimanche-du-temps-ordinaire-a-5-novembre-2023","status":"publish","type":"post","link":"https:\/\/levangilealecran.com\/?p=2889","title":{"rendered":"31e dimanche du temps ordinaire \u2013 A \u2013 5 novembre 2023"},"content":{"rendered":"\n<blockquote class=\"wp-block-quote is-layout-flow wp-block-quote-is-layout-flow\"><p>\u00ab Ne donnez \u00e0 personne sur terre le nom de p\u00e8re, car vous n\u2019avez qu\u2019un seul P\u00e8re, celui qui est aux cieux. \u00bb<\/p><cite>Mt 23,9<\/cite><\/blockquote>\n\n\n\n<div class=\"wp-block-image\"><figure class=\"aligncenter size-full\"><a href=\"https:\/\/levangilealecran.com\/wp-content\/uploads\/2023\/11\/EALE05.11.jpeg\"><img loading=\"lazy\" decoding=\"async\" width=\"320\" height=\"213\" src=\"https:\/\/levangilealecran.com\/wp-content\/uploads\/2023\/11\/EALE05.11.jpeg\" alt=\"\" class=\"wp-image-2890\" srcset=\"https:\/\/levangilealecran.com\/wp-content\/uploads\/2023\/11\/EALE05.11.jpeg 320w, https:\/\/levangilealecran.com\/wp-content\/uploads\/2023\/11\/EALE05.11-300x200.jpeg 300w, https:\/\/levangilealecran.com\/wp-content\/uploads\/2023\/11\/EALE05.11-150x100.jpeg 150w, https:\/\/levangilealecran.com\/wp-content\/uploads\/2023\/11\/EALE05.11-225x150.jpeg 225w\" sizes=\"auto, (max-width: 320px) 100vw, 320px\" \/><\/a><figcaption>Enfants d&rsquo;un m\u00eame P\u00e8re<\/figcaption><\/figure><\/div>\n\n\n\n<p class=\"wp-block-paragraph\"><strong>&gt; Notre nature humaine est bien toujours la m\u00eame qu\u2019au temps de J\u00e9sus. Elle affectionne les titres et les honneurs. Or, le message de l\u2019Evangile est tr\u00e8s clair : cette recherche mondaine est incompatible avec la vie du disciple.<\/strong><\/p>\n\n\n\n<p class=\"wp-block-paragraph\"><strong>Et pourtant, c\u2019est dans leurs rangs, une fois les pers\u00e9cutions termin\u00e9es et l\u2019Eglise officiellement reconnue, qu\u2019ont fleuri les \u201cR\u00e9v\u00e9rend(e)s\u201c et autres titres de d\u00e9f\u00e9rence. Pourtant, J\u00e9sus, en nous r\u00e9v\u00e9lant l\u2019unique P\u00e8re, celui des cieux, nous a conf\u00e9r\u00e9 notre seul titre de noblesse, celui d\u2019enfants et donc de fr\u00e8res et s\u0153urs.<\/strong><\/p>\n\n\n\n<p class=\"wp-block-paragraph\"><strong>Le vent a tourn\u00e9. L\u2019Eglise\/les Eglises sont expos\u00e9es bien plus \u00e0 la critique qu\u2019aux honneurs, et elles peuvent se r\u00e9jouir d\u2019un vrai retour \u00e0 la simplicit\u00e9. En nous rencontrant entre \u00ab gens d\u2019Eglise \u00bb, nous constatons un climat fraternel de proximit\u00e9 et de service. Cela nous invite \u00e0 b\u00e9nir avec J\u00e9sus ce P\u00e8re qui se r\u00e9v\u00e8le de pr\u00e9f\u00e9rence aux tout-petits.(cf. Mt 11,25-30)<\/strong><\/p>\n\n\n\n<p class=\"wp-block-paragraph\"><strong>Anim\u00e9s par ce souffle nouveau, nous n\u2019avons plus \u00e0 mesurer le succ\u00e8s de nos assembl\u00e9es respectives au nombre de croyants pr\u00e9sents au culte ou \u00e0 la messe du dimanche. Oui, l\u2019Esprit agit en profondeur et nos \u00ab petits troupeaux \u00bb continuent \u00e0 faire la joie du P\u00e8re et \u00e0 t\u00e9moigner qu\u2019il est bon de vivre en fr\u00e8res, en s\u0153urs.<\/strong><\/p>\n","protected":false},"excerpt":{"rendered":"<p>\u00ab Ne donnez \u00e0 personne sur terre le nom de p\u00e8re, car vous n\u2019avez qu\u2019un seul P\u00e8re, celui qui est aux cieux. \u00bb Mt 23,9 &gt; Notre nature humaine est bien toujours la m\u00eame qu\u2019au temps de J\u00e9sus. Elle affectionne les titres et les honneurs. Or, le message de l\u2019Evangile est tr\u00e8s clair : cette recherche mondaine est incompatible avec la vie du disciple. Et pourtant, c\u2019est dans leurs rangs, une fois les pers\u00e9cutions termin\u00e9es et l\u2019Eglise officiellement reconnue, qu\u2019ont fleuri les \u201cR\u00e9v\u00e9rend(e)s\u201c et autres titres de d\u00e9f\u00e9rence. Pourtant, J\u00e9sus, en nous r\u00e9v\u00e9lant l\u2019unique P\u00e8re, celui des cieux, nous a conf\u00e9r\u00e9 notre seul titre de noblesse, celui d\u2019enfants et donc \u2026 <a class=\"continue-reading-link\" href=\"https:\/\/levangilealecran.com\/?p=2889\"> Continue reading <span class=\"meta-nav\">&rarr; <\/span><\/a><\/p>\n","protected":false},"author":2006,"featured_media":0,"comment_status":"open","ping_status":"open","sticky":false,"template":"","format":"standard","meta":{"footnotes":""},"categories":[4,8],"tags":[937,166,938],"class_list":["post-2889","post","type-post","status-publish","format-standard","hentry","category-dimanche","category-matthieu","tag-filiation","tag-simplicite","tag-vie-fraternelle"],"_links":{"self":[{"href":"https:\/\/levangilealecran.com\/index.php?rest_route=\/wp\/v2\/posts\/2889","targetHints":{"allow":["GET"]}}],"collection":[{"href":"https:\/\/levangilealecran.com\/index.php?rest_route=\/wp\/v2\/posts"}],"about":[{"href":"https:\/\/levangilealecran.com\/index.php?rest_route=\/wp\/v2\/types\/post"}],"author":[{"embeddable":true,"href":"https:\/\/levangilealecran.com\/index.php?rest_route=\/wp\/v2\/users\/2006"}],"replies":[{"embeddable":true,"href":"https:\/\/levangilealecran.com\/index.php?rest_route=%2Fwp%2Fv2%2Fcomments&post=2889"}],"version-history":[{"count":5,"href":"https:\/\/levangilealecran.com\/index.php?rest_route=\/wp\/v2\/posts\/2889\/revisions"}],"predecessor-version":[{"id":2895,"href":"https:\/\/levangilealecran.com\/index.php?rest_route=\/wp\/v2\/posts\/2889\/revisions\/2895"}],"wp:attachment":[{"href":"https:\/\/levangilealecran.com\/index.php?rest_route=%2Fwp%2Fv2%2Fmedia&parent=2889"}],"wp:term":[{"taxonomy":"category","embeddable":true,"href":"https:\/\/levangilealecran.com\/index.php?rest_route=%2Fwp%2Fv2%2Fcategories&post=2889"},{"taxonomy":"post_tag","embeddable":true,"href":"https:\/\/levangilealecran.com\/index.php?rest_route=%2Fwp%2Fv2%2Ftags&post=2889"}],"curies":[{"name":"wp","href":"https:\/\/api.w.org\/{rel}","templated":true}]}}