{"id":2877,"date":"2023-10-20T08:00:00","date_gmt":"2023-10-20T06:00:00","guid":{"rendered":"https:\/\/levangilealecran.com\/?p=2877"},"modified":"2023-10-14T12:21:42","modified_gmt":"2023-10-14T10:21:42","slug":"29e-dimanche-du-temps-ordinaire-a-22-octobre-2023","status":"publish","type":"post","link":"https:\/\/levangilealecran.com\/?p=2877","title":{"rendered":"29e dimanche du temps ordinaire \u2013 A \u2013 22 octobre 2023"},"content":{"rendered":"\n<blockquote class=\"wp-block-quote is-layout-flow wp-block-quote-is-layout-flow\"><p>\u00ab Etonn\u00e9s de ce qu&rsquo;ils entendaient\u2026 \u00bb<\/p><cite>Matthieu 22, 21<\/cite><\/blockquote>\n\n\n\n<figure class=\"wp-block-image size-large\"><a href=\"https:\/\/levangilealecran.com\/wp-content\/uploads\/2023\/10\/child-2800835-allonge-scaled.jpg\"><img loading=\"lazy\" decoding=\"async\" width=\"1024\" height=\"292\" src=\"https:\/\/levangilealecran.com\/wp-content\/uploads\/2023\/10\/child-2800835-allonge-1024x292.jpg\" alt=\"\" class=\"wp-image-2878\" srcset=\"https:\/\/levangilealecran.com\/wp-content\/uploads\/2023\/10\/child-2800835-allonge-1024x292.jpg 1024w, https:\/\/levangilealecran.com\/wp-content\/uploads\/2023\/10\/child-2800835-allonge-300x86.jpg 300w, https:\/\/levangilealecran.com\/wp-content\/uploads\/2023\/10\/child-2800835-allonge-768x219.jpg 768w, https:\/\/levangilealecran.com\/wp-content\/uploads\/2023\/10\/child-2800835-allonge-1536x438.jpg 1536w, https:\/\/levangilealecran.com\/wp-content\/uploads\/2023\/10\/child-2800835-allonge-2048x584.jpg 2048w, https:\/\/levangilealecran.com\/wp-content\/uploads\/2023\/10\/child-2800835-allonge-150x43.jpg 150w, https:\/\/levangilealecran.com\/wp-content\/uploads\/2023\/10\/child-2800835-allonge-1050x300.jpg 1050w, https:\/\/levangilealecran.com\/wp-content\/uploads\/2023\/10\/child-2800835-allonge-250x71.jpg 250w, https:\/\/levangilealecran.com\/wp-content\/uploads\/2023\/10\/child-2800835-allonge-1320x377.jpg 1320w\" sizes=\"auto, (max-width: 1024px) 100vw, 1024px\" \/><\/a><\/figure>\n\n\n\n<p class=\"wp-block-paragraph\"><strong><strong>ETONNEMENT<\/strong><\/strong><\/p>\n\n\n\n<p class=\"wp-block-paragraph\"><strong><strong>> Lorsque J\u00e9sus \u00e9nonce une v\u00e9rit\u00e9 de La Palisse, voil\u00e0 que cela \u00e9tonne ses auditeurs. Car, tout bien consid\u00e9r\u00e9, rien n&rsquo;est plus vrai que cette indication de J\u00e9sus sur le paiement des imp\u00f4ts. Nul ne peut y \u00e9chapper et les imp\u00f4ts devraient \u00eatre le gage du bon fonctionnement de la soci\u00e9t\u00e9.<\/strong><\/strong><\/p>\n\n\n\n<p class=\"wp-block-paragraph\"><strong>[Au passage, voici une incitation \u00e0 prier pour les autorit\u00e9s afin qu&rsquo;elles \u00e9dictent des lois justes.] L&rsquo;\u00e9tonnement de ces pharisiens provoquent chez eux une r\u00e9action \u00e0 l&rsquo;oppos\u00e9 de ce qui est attendu. Au lieu de poser une autre question, ils tournent les talons et s&rsquo;en vont. Quand les foules assistent \u00e0 divers miracles de J\u00e9sus, elles sont, elles aussi, dans l&rsquo;\u00e9tonnement, mais leur attitude est tout autre que celles des pharisiens (Mt 15, 31) : elles glorifient l&rsquo;Eternel.<\/strong><\/p>\n\n\n\n<p class=\"wp-block-paragraph\"><strong>L&rsquo;intention des pharisiens \u00e9tait de pi\u00e9ger J\u00e9sus (v.15). Ce faisant, ils se sont pi\u00e9g\u00e9s eux-m\u00eames, fermant leur c\u0153ur \u00e0 l&rsquo;instant de Dieu. Quand J\u00e9sus m&rsquo;\u00e9tonnera parce qu&rsquo;il agira d&rsquo;une fa\u00e7on inattendue, quel choix ferai-je : lui tournerais-je le dos ou lui rendrais-je gloire parce qu&rsquo;il fait tout \u00e0 merveille (Marc 7, 7) ?<\/strong><\/p>\n\n\n\n<p class=\"wp-block-paragraph\"><\/p>\n","protected":false},"excerpt":{"rendered":"<p>\u00ab Etonn\u00e9s de ce qu&rsquo;ils entendaient\u2026 \u00bb Matthieu 22, 21 ETONNEMENT > Lorsque J\u00e9sus \u00e9nonce une v\u00e9rit\u00e9 de La Palisse, voil\u00e0 que cela \u00e9tonne ses auditeurs. Car, tout bien consid\u00e9r\u00e9, rien n&rsquo;est plus vrai que cette indication de J\u00e9sus sur le paiement des imp\u00f4ts. Nul ne peut y \u00e9chapper et les imp\u00f4ts devraient \u00eatre le gage du bon fonctionnement de la soci\u00e9t\u00e9. [Au passage, voici une incitation \u00e0 prier pour les autorit\u00e9s afin qu&rsquo;elles \u00e9dictent des lois justes.] L&rsquo;\u00e9tonnement de ces pharisiens provoquent chez eux une r\u00e9action \u00e0 l&rsquo;oppos\u00e9 de ce qui est attendu. Au lieu de poser une autre question, ils tournent les talons et s&rsquo;en vont. Quand les \u2026 <a class=\"continue-reading-link\" href=\"https:\/\/levangilealecran.com\/?p=2877\"> Continue reading <span class=\"meta-nav\">&rarr; <\/span><\/a><\/p>\n","protected":false},"author":2006,"featured_media":0,"comment_status":"open","ping_status":"open","sticky":false,"template":"","format":"standard","meta":{"footnotes":""},"categories":[4,8],"tags":[934,933,935,936],"class_list":["post-2877","post","type-post","status-publish","format-standard","hentry","category-dimanche","category-matthieu","tag-autorites","tag-etonnement","tag-impots","tag-rendre-gloire"],"_links":{"self":[{"href":"https:\/\/levangilealecran.com\/index.php?rest_route=\/wp\/v2\/posts\/2877","targetHints":{"allow":["GET"]}}],"collection":[{"href":"https:\/\/levangilealecran.com\/index.php?rest_route=\/wp\/v2\/posts"}],"about":[{"href":"https:\/\/levangilealecran.com\/index.php?rest_route=\/wp\/v2\/types\/post"}],"author":[{"embeddable":true,"href":"https:\/\/levangilealecran.com\/index.php?rest_route=\/wp\/v2\/users\/2006"}],"replies":[{"embeddable":true,"href":"https:\/\/levangilealecran.com\/index.php?rest_route=%2Fwp%2Fv2%2Fcomments&post=2877"}],"version-history":[{"count":3,"href":"https:\/\/levangilealecran.com\/index.php?rest_route=\/wp\/v2\/posts\/2877\/revisions"}],"predecessor-version":[{"id":2881,"href":"https:\/\/levangilealecran.com\/index.php?rest_route=\/wp\/v2\/posts\/2877\/revisions\/2881"}],"wp:attachment":[{"href":"https:\/\/levangilealecran.com\/index.php?rest_route=%2Fwp%2Fv2%2Fmedia&parent=2877"}],"wp:term":[{"taxonomy":"category","embeddable":true,"href":"https:\/\/levangilealecran.com\/index.php?rest_route=%2Fwp%2Fv2%2Fcategories&post=2877"},{"taxonomy":"post_tag","embeddable":true,"href":"https:\/\/levangilealecran.com\/index.php?rest_route=%2Fwp%2Fv2%2Ftags&post=2877"}],"curies":[{"name":"wp","href":"https:\/\/api.w.org\/{rel}","templated":true}]}}