{"id":287,"date":"2013-03-31T08:23:04","date_gmt":"2013-03-31T06:23:04","guid":{"rendered":"http:\/\/levangilealecran.com?p=287"},"modified":"2013-05-17T09:30:27","modified_gmt":"2013-05-17T07:30:27","slug":"paques-c","status":"publish","type":"post","link":"https:\/\/levangilealecran.com\/?p=287","title":{"rendered":"P\u00e2ques &#8211; C"},"content":{"rendered":"<p style=\"text-align: justify;\">\u00ab\u00a0C&rsquo;est alors que l&rsquo;autre disciple, celui qui \u00e9tait arriv\u00e9 le premier, entra \u00e0 son tour dans le tombeau ; il vit et il crut. En effet, ils n&rsquo;avaient pas encore compris l&rsquo;Ecriture selon laquelle J\u00e9sus devait se relever d&rsquo;entre les morts. Apr\u00e8s quoi, les disciples s&rsquo;en retourn\u00e8rent chez eux.\u00a0\u00bb (Jn 20,8-10)<\/p>\n<p style=\"text-align: justify;\"><strong>&gt; Face \u00e0 cette nouvelle in-croyable, les disciples restent interloqu\u00e9s, ne pensant m\u00eame pas \u00e0 la r\u00e9surrection ni \u00e0 l\u2019Ecriture. En ce jour de f\u00eate et de joie, ne restons pas interloqu\u00e9s et osons croire en la r\u00e9surrection ! Chez nous, partageons avec nos proches la joie pascale par l\u2019humour, par des gestes d\u2019amour et de fraternit\u00e9, des paroles joyeuses, comme ce r\u00e9pons:<\/strong><\/p>\n<p style=\"text-align: justify;\"><strong>&#8211; Christ est ressuscit\u00e9 !<\/strong><\/p>\n<p style=\"text-align: justify;\"><strong>&#8211; Il est vraiment ressuscit\u00e9 !<\/strong><\/p>\n","protected":false},"excerpt":{"rendered":"<p>\u00ab\u00a0C&rsquo;est alors que l&rsquo;autre disciple, celui qui \u00e9tait arriv\u00e9 le premier, entra \u00e0 son tour dans le tombeau ; il vit et il crut. En effet, ils n&rsquo;avaient pas encore compris l&rsquo;Ecriture selon laquelle J\u00e9sus devait se relever d&rsquo;entre les morts. Apr\u00e8s quoi, les disciples s&rsquo;en retourn\u00e8rent chez eux.\u00a0\u00bb (Jn 20,8-10) &gt; Face \u00e0 cette nouvelle in-croyable, les disciples restent interloqu\u00e9s, ne pensant m\u00eame pas \u00e0 la r\u00e9surrection ni \u00e0 l\u2019Ecriture. En ce jour de f\u00eate et de joie, ne restons pas interloqu\u00e9s et osons croire en la r\u00e9surrection ! Chez nous, partageons avec nos proches la joie pascale par l\u2019humour, par des gestes d\u2019amour et de fraternit\u00e9, des paroles \u2026 <a class=\"continue-reading-link\" href=\"https:\/\/levangilealecran.com\/?p=287\"> Continue reading <span class=\"meta-nav\">&rarr; <\/span><\/a><\/p>\n","protected":false},"author":1,"featured_media":0,"comment_status":"open","ping_status":"open","sticky":false,"template":"","format":"standard","meta":{"footnotes":""},"categories":[24,5,73,74],"tags":[76,430,75,434,42,55],"class_list":["post-287","post","type-post","status-publish","format-standard","hentry","category-fetes","category-jean","category-paques","category-temps-pascal","tag-foi","tag-jean","tag-joie","tag-paques","tag-partage","tag-resurrection"],"_links":{"self":[{"href":"https:\/\/levangilealecran.com\/index.php?rest_route=\/wp\/v2\/posts\/287","targetHints":{"allow":["GET"]}}],"collection":[{"href":"https:\/\/levangilealecran.com\/index.php?rest_route=\/wp\/v2\/posts"}],"about":[{"href":"https:\/\/levangilealecran.com\/index.php?rest_route=\/wp\/v2\/types\/post"}],"author":[{"embeddable":true,"href":"https:\/\/levangilealecran.com\/index.php?rest_route=\/wp\/v2\/users\/1"}],"replies":[{"embeddable":true,"href":"https:\/\/levangilealecran.com\/index.php?rest_route=%2Fwp%2Fv2%2Fcomments&post=287"}],"version-history":[{"count":2,"href":"https:\/\/levangilealecran.com\/index.php?rest_route=\/wp\/v2\/posts\/287\/revisions"}],"predecessor-version":[{"id":319,"href":"https:\/\/levangilealecran.com\/index.php?rest_route=\/wp\/v2\/posts\/287\/revisions\/319"}],"wp:attachment":[{"href":"https:\/\/levangilealecran.com\/index.php?rest_route=%2Fwp%2Fv2%2Fmedia&parent=287"}],"wp:term":[{"taxonomy":"category","embeddable":true,"href":"https:\/\/levangilealecran.com\/index.php?rest_route=%2Fwp%2Fv2%2Fcategories&post=287"},{"taxonomy":"post_tag","embeddable":true,"href":"https:\/\/levangilealecran.com\/index.php?rest_route=%2Fwp%2Fv2%2Ftags&post=287"}],"curies":[{"name":"wp","href":"https:\/\/api.w.org\/{rel}","templated":true}]}}