{"id":2869,"date":"2023-10-06T08:00:00","date_gmt":"2023-10-06T06:00:00","guid":{"rendered":"https:\/\/levangilealecran.com\/?p=2869"},"modified":"2023-10-04T13:06:48","modified_gmt":"2023-10-04T11:06:48","slug":"27e-dimanche-du-temps-ordinaire-a-8-octobre-2023","status":"publish","type":"post","link":"https:\/\/levangilealecran.com\/?p=2869","title":{"rendered":"27e dimanche du temps ordinaire \u2013 A \u2013 8 octobre 2023"},"content":{"rendered":"\n<blockquote class=\"wp-block-quote is-layout-flow wp-block-quote-is-layout-flow\"><p>\u00ab\u00a0Les vignerons se saisirent de lui, le jet\u00e8rent hors de la vigne et le tu\u00e8rent.\u00bb<\/p><cite>Mat 21,39<\/cite><\/blockquote>\n\n\n\n<figure class=\"wp-block-image size-full\"><a href=\"https:\/\/levangilealecran.com\/wp-content\/uploads\/2023\/10\/ImageEvEcr2023_10_08.jpg\"><img loading=\"lazy\" decoding=\"async\" width=\"600\" height=\"600\" src=\"https:\/\/levangilealecran.com\/wp-content\/uploads\/2023\/10\/ImageEvEcr2023_10_08.jpg\" alt=\"\" class=\"wp-image-2870\" srcset=\"https:\/\/levangilealecran.com\/wp-content\/uploads\/2023\/10\/ImageEvEcr2023_10_08.jpg 600w, https:\/\/levangilealecran.com\/wp-content\/uploads\/2023\/10\/ImageEvEcr2023_10_08-300x300.jpg 300w, https:\/\/levangilealecran.com\/wp-content\/uploads\/2023\/10\/ImageEvEcr2023_10_08-150x150.jpg 150w\" sizes=\"auto, (max-width: 600px) 100vw, 600px\" \/><\/a><\/figure>\n\n\n\n<p class=\"wp-block-paragraph\"><strong>> Dans cette parabole, les serviteurs d\u2019abord, puis le fils m\u00eame du propri\u00e9taire sont mal re\u00e7us, alors qu\u2019ils viennent simplement demander le produit de la vigne. Ils sont violent\u00e9s et jet\u00e9s dehors. Le fils est m\u00eame tu\u00e9. Une violence qui nous d\u00e9range, forc\u00e9ment. Pourtant cette violence est bien celle de notre monde, de notre humanit\u00e9, capable du pire, comme avec la crucifixion de J\u00e9sus.<\/strong><\/p>\n\n\n\n<p class=\"wp-block-paragraph\"><strong>Bien s\u00fbr, cette parabole s\u2019adresse non seulement aux grands pr\u00eatres et aux anciens du temps de J\u00e9sus, pour qu\u2019ils changent de comportement, ainsi qu\u2019aux disciples, pour leur annoncer la Passion \u00e0 venir. Mais cette parabole s\u2019adresse \u00e0 aussi \u00e0 nous, jusqu\u2019\u00e0 aujourd\u2019hui et nous interpelle\u00a0: quel vigneron suis-je\u00a0? comment est-ce que j\u2019accueille le Christ dans ma vie de tous les jours\u00a0? est-ce que je lui offre les fruits de ma vigne ou est-ce que je les garde seulement pour moi\u00a0? De quoi m\u00e9diter en cette p\u00e9riode de vendanges\u2026<\/strong><\/p>\n","protected":false},"excerpt":{"rendered":"<p>\u00ab\u00a0Les vignerons se saisirent de lui, le jet\u00e8rent hors de la vigne et le tu\u00e8rent.\u00bb Mat 21,39 > Dans cette parabole, les serviteurs d\u2019abord, puis le fils m\u00eame du propri\u00e9taire sont mal re\u00e7us, alors qu\u2019ils viennent simplement demander le produit de la vigne. Ils sont violent\u00e9s et jet\u00e9s dehors. Le fils est m\u00eame tu\u00e9. Une violence qui nous d\u00e9range, forc\u00e9ment. Pourtant cette violence est bien celle de notre monde, de notre humanit\u00e9, capable du pire, comme avec la crucifixion de J\u00e9sus. Bien s\u00fbr, cette parabole s\u2019adresse non seulement aux grands pr\u00eatres et aux anciens du temps de J\u00e9sus, pour qu\u2019ils changent de comportement, ainsi qu\u2019aux disciples, pour leur annoncer la \u2026 <a class=\"continue-reading-link\" href=\"https:\/\/levangilealecran.com\/?p=2869\"> Continue reading <span class=\"meta-nav\">&rarr; <\/span><\/a><\/p>\n","protected":false},"author":2006,"featured_media":0,"comment_status":"open","ping_status":"open","sticky":false,"template":"","format":"standard","meta":{"footnotes":""},"categories":[4,8],"tags":[66,678,636,20],"class_list":["post-2869","post","type-post","status-publish","format-standard","hentry","category-dimanche","category-matthieu","tag-accueillir","tag-fruits","tag-vigne","tag-violence"],"_links":{"self":[{"href":"https:\/\/levangilealecran.com\/index.php?rest_route=\/wp\/v2\/posts\/2869","targetHints":{"allow":["GET"]}}],"collection":[{"href":"https:\/\/levangilealecran.com\/index.php?rest_route=\/wp\/v2\/posts"}],"about":[{"href":"https:\/\/levangilealecran.com\/index.php?rest_route=\/wp\/v2\/types\/post"}],"author":[{"embeddable":true,"href":"https:\/\/levangilealecran.com\/index.php?rest_route=\/wp\/v2\/users\/2006"}],"replies":[{"embeddable":true,"href":"https:\/\/levangilealecran.com\/index.php?rest_route=%2Fwp%2Fv2%2Fcomments&post=2869"}],"version-history":[{"count":1,"href":"https:\/\/levangilealecran.com\/index.php?rest_route=\/wp\/v2\/posts\/2869\/revisions"}],"predecessor-version":[{"id":2871,"href":"https:\/\/levangilealecran.com\/index.php?rest_route=\/wp\/v2\/posts\/2869\/revisions\/2871"}],"wp:attachment":[{"href":"https:\/\/levangilealecran.com\/index.php?rest_route=%2Fwp%2Fv2%2Fmedia&parent=2869"}],"wp:term":[{"taxonomy":"category","embeddable":true,"href":"https:\/\/levangilealecran.com\/index.php?rest_route=%2Fwp%2Fv2%2Fcategories&post=2869"},{"taxonomy":"post_tag","embeddable":true,"href":"https:\/\/levangilealecran.com\/index.php?rest_route=%2Fwp%2Fv2%2Ftags&post=2869"}],"curies":[{"name":"wp","href":"https:\/\/api.w.org\/{rel}","templated":true}]}}