{"id":2866,"date":"2023-09-29T08:11:19","date_gmt":"2023-09-29T06:11:19","guid":{"rendered":"https:\/\/levangilealecran.com\/?p=2866"},"modified":"2023-10-04T13:12:31","modified_gmt":"2023-10-04T11:12:31","slug":"26e-dimanche-du-temps-ordinaire-a-1er-octobre-2023","status":"publish","type":"post","link":"https:\/\/levangilealecran.com\/?p=2866","title":{"rendered":"26e dimanche du temps ordinaire \u2013 A \u2013 1er octobre 2023"},"content":{"rendered":"\n<p class=\"wp-block-paragraph\">\u00ab\u00a0Mon enfant, va travailler aujourd\u2019hui \u00e0 la vigne.\u00a0\u00bb (Matthieu 21,28)<\/p>\n\n\n\n<figure class=\"wp-block-image size-full\"><a href=\"https:\/\/levangilealecran.com\/wp-content\/uploads\/2023\/09\/00istockphoto-828469244-612x612-1.jpg\"><img loading=\"lazy\" decoding=\"async\" width=\"612\" height=\"344\" src=\"https:\/\/levangilealecran.com\/wp-content\/uploads\/2023\/09\/00istockphoto-828469244-612x612-1.jpg\" alt=\"\" class=\"wp-image-2867\" srcset=\"https:\/\/levangilealecran.com\/wp-content\/uploads\/2023\/09\/00istockphoto-828469244-612x612-1.jpg 612w, https:\/\/levangilealecran.com\/wp-content\/uploads\/2023\/09\/00istockphoto-828469244-612x612-1-300x169.jpg 300w, https:\/\/levangilealecran.com\/wp-content\/uploads\/2023\/09\/00istockphoto-828469244-612x612-1-150x84.jpg 150w, https:\/\/levangilealecran.com\/wp-content\/uploads\/2023\/09\/00istockphoto-828469244-612x612-1-250x141.jpg 250w\" sizes=\"auto, (max-width: 612px) 100vw, 612px\" \/><\/a><\/figure>\n\n\n\n<p class=\"wp-block-paragraph\"><strong>&gt; Dans cette parabole, il semble que Dieu m&rsquo;appelle \u00ab mon enfant \u00bb et me demande : as-tu envie d\u2019arriver \u00e0 avancer ? <\/strong><\/p>\n\n\n\n<p class=\"wp-block-paragraph\"><strong>Parfois il est bon d\u2019entendre que je peux ne pas avoir envie d\u2019avancer, que Dieu comprend que je reste dans les starting-blocks, qu\u2019il fera le reste, peu \u00e0 peu.<\/strong><\/p>\n\n\n\n<p class=\"wp-block-paragraph\"><strong>Il y a l\u00e0 un appel \u00e0 consid\u00e9rer ce qu\u2019il me reste de \u00ab je ne veux pas \u00bb dans mon attitude face \u00e0 Dieu, ce que j&rsquo;ai comme n\u00e9gativit\u00e9 face \u00e0 la vie, comme refus d\u2019\u00e9voluer dans ma fa\u00e7on de voir ou devant une belle occasion de faire du bien. Le d\u00e9sir de faire la volont\u00e9 du P\u00e8re est bien myst\u00e9rieux&#8230;<\/strong><\/p>\n","protected":false},"excerpt":{"rendered":"<p>\u00ab\u00a0Mon enfant, va travailler aujourd\u2019hui \u00e0 la vigne.\u00a0\u00bb (Matthieu 21,28) &gt; Dans cette parabole, il semble que Dieu m&rsquo;appelle \u00ab mon enfant \u00bb et me demande : as-tu envie d\u2019arriver \u00e0 avancer ? Parfois il est bon d\u2019entendre que je peux ne pas avoir envie d\u2019avancer, que Dieu comprend que je reste dans les starting-blocks, qu\u2019il fera le reste, peu \u00e0 peu. Il y a l\u00e0 un appel \u00e0 consid\u00e9rer ce qu\u2019il me reste de \u00ab je ne veux pas \u00bb dans mon attitude face \u00e0 Dieu, ce que j&rsquo;ai comme n\u00e9gativit\u00e9 face \u00e0 la vie, comme refus d\u2019\u00e9voluer dans ma fa\u00e7on de voir ou devant une belle occasion de \u2026 <a class=\"continue-reading-link\" href=\"https:\/\/levangilealecran.com\/?p=2866\"> Continue reading <span class=\"meta-nav\">&rarr; <\/span><\/a><\/p>\n","protected":false},"author":2006,"featured_media":0,"comment_status":"open","ping_status":"open","sticky":false,"template":"","format":"standard","meta":{"footnotes":""},"categories":[4,8],"tags":[931,486,932],"class_list":["post-2866","post","type-post","status-publish","format-standard","hentry","category-dimanche","category-matthieu","tag-avancer","tag-enfant","tag-faire-le-bien"],"_links":{"self":[{"href":"https:\/\/levangilealecran.com\/index.php?rest_route=\/wp\/v2\/posts\/2866","targetHints":{"allow":["GET"]}}],"collection":[{"href":"https:\/\/levangilealecran.com\/index.php?rest_route=\/wp\/v2\/posts"}],"about":[{"href":"https:\/\/levangilealecran.com\/index.php?rest_route=\/wp\/v2\/types\/post"}],"author":[{"embeddable":true,"href":"https:\/\/levangilealecran.com\/index.php?rest_route=\/wp\/v2\/users\/2006"}],"replies":[{"embeddable":true,"href":"https:\/\/levangilealecran.com\/index.php?rest_route=%2Fwp%2Fv2%2Fcomments&post=2866"}],"version-history":[{"count":2,"href":"https:\/\/levangilealecran.com\/index.php?rest_route=\/wp\/v2\/posts\/2866\/revisions"}],"predecessor-version":[{"id":2875,"href":"https:\/\/levangilealecran.com\/index.php?rest_route=\/wp\/v2\/posts\/2866\/revisions\/2875"}],"wp:attachment":[{"href":"https:\/\/levangilealecran.com\/index.php?rest_route=%2Fwp%2Fv2%2Fmedia&parent=2866"}],"wp:term":[{"taxonomy":"category","embeddable":true,"href":"https:\/\/levangilealecran.com\/index.php?rest_route=%2Fwp%2Fv2%2Fcategories&post=2866"},{"taxonomy":"post_tag","embeddable":true,"href":"https:\/\/levangilealecran.com\/index.php?rest_route=%2Fwp%2Fv2%2Ftags&post=2866"}],"curies":[{"name":"wp","href":"https:\/\/api.w.org\/{rel}","templated":true}]}}