{"id":2841,"date":"2023-08-18T08:00:00","date_gmt":"2023-08-18T06:00:00","guid":{"rendered":"https:\/\/levangilealecran.com\/?p=2841"},"modified":"2023-08-17T14:54:30","modified_gmt":"2023-08-17T12:54:30","slug":"20e-dimanche-du-temps-ordinaire-a-20-aout-2023","status":"publish","type":"post","link":"https:\/\/levangilealecran.com\/?p=2841","title":{"rendered":"20e dimanche du Temps ordinaire \u2013 A \u2013 20 ao\u00fbt 2023"},"content":{"rendered":"\n<blockquote class=\"wp-block-quote is-layout-flow wp-block-quote-is-layout-flow\"><p>\u00ab Femme, grande est ta foi ! \u00bb<\/p><cite>(Matthieu 15, 28)<\/cite><\/blockquote>\n\n\n\n<figure class=\"wp-block-image size-full is-resized\"><a href=\"https:\/\/levangilealecran.com\/wp-content\/uploads\/2023\/08\/stencil.logo-large-3.png\"><img loading=\"lazy\" decoding=\"async\" src=\"https:\/\/levangilealecran.com\/wp-content\/uploads\/2023\/08\/stencil.logo-large-3.png\" alt=\"\" class=\"wp-image-2842\" width=\"600\" height=\"600\" srcset=\"https:\/\/levangilealecran.com\/wp-content\/uploads\/2023\/08\/stencil.logo-large-3.png 1200w, https:\/\/levangilealecran.com\/wp-content\/uploads\/2023\/08\/stencil.logo-large-3-300x300.png 300w, https:\/\/levangilealecran.com\/wp-content\/uploads\/2023\/08\/stencil.logo-large-3-1024x1024.png 1024w, https:\/\/levangilealecran.com\/wp-content\/uploads\/2023\/08\/stencil.logo-large-3-150x150.png 150w, https:\/\/levangilealecran.com\/wp-content\/uploads\/2023\/08\/stencil.logo-large-3-768x768.png 768w\" sizes=\"auto, (max-width: 600px) 100vw, 600px\" \/><\/a><\/figure>\n\n\n\n<p class=\"wp-block-paragraph\"><strong>> Dans ce passage de l\u2019\u00c9vangile selon saint Matthieu, J\u00e9sus fait une rencontre extraordinaire. Il croise le chemin d\u2019une femme canan\u00e9enne, c\u2019est-\u00e0-dire une pa\u00efenne, une \u00e9trang\u00e8re, une ennemie du peuple juif. Cette femme a le courage de s\u2019approcher de lui et de lui demander de l\u2019aide pour sa fille malade. Elle l\u2019appelle \u00ab Seigneur, fils de David \u00bb, reconnaissant ainsi son autorit\u00e9 et elle croit en sa capacit\u00e9 \u00e0 faire des miracles dont elle a entendu parler. J\u00e9sus pourrait la rejeter ou la m\u00e9priser, comme le font ses disciples qui veulent la renvoyer. Mais il engage le dialogue avec elle et il met \u00e0 l\u2019\u00e9preuve sa foi.<br>> Cette semaine, demandons-nous si nous avons une foi aussi grande que celle de cette femme. Savons-nous prier avec la m\u00eame audace que cette femme ? Avec insistance et confiance, m\u00eame quand Dieu semble ne pas nous \u00e9couter ? Sommes-nous conscients que Dieu veut le salut de tous les hommes, sans distinction de race ou de religion ? Laissons-nous J\u00e9sus nous dire : \u00ab Grande est ta foi !\u00bb Que Dieu nous garde.<\/strong><\/p>\n","protected":false},"excerpt":{"rendered":"<p>\u00ab Femme, grande est ta foi ! \u00bb (Matthieu 15, 28) > Dans ce passage de l\u2019\u00c9vangile selon saint Matthieu, J\u00e9sus fait une rencontre extraordinaire. Il croise le chemin d\u2019une femme canan\u00e9enne, c\u2019est-\u00e0-dire une pa\u00efenne, une \u00e9trang\u00e8re, une ennemie du peuple juif. Cette femme a le courage de s\u2019approcher de lui et de lui demander de l\u2019aide pour sa fille malade. Elle l\u2019appelle \u00ab Seigneur, fils de David \u00bb, reconnaissant ainsi son autorit\u00e9 et elle croit en sa capacit\u00e9 \u00e0 faire des miracles dont elle a entendu parler. J\u00e9sus pourrait la rejeter ou la m\u00e9priser, comme le font ses disciples qui veulent la renvoyer. Mais il engage le dialogue avec \u2026 <a class=\"continue-reading-link\" href=\"https:\/\/levangilealecran.com\/?p=2841\"> Continue reading <span class=\"meta-nav\">&rarr; <\/span><\/a><\/p>\n","protected":false},"author":2005,"featured_media":0,"comment_status":"open","ping_status":"open","sticky":false,"template":"","format":"standard","meta":{"footnotes":""},"categories":[1],"tags":[],"class_list":["post-2841","post","type-post","status-publish","format-standard","hentry","category-sanscategorie"],"_links":{"self":[{"href":"https:\/\/levangilealecran.com\/index.php?rest_route=\/wp\/v2\/posts\/2841","targetHints":{"allow":["GET"]}}],"collection":[{"href":"https:\/\/levangilealecran.com\/index.php?rest_route=\/wp\/v2\/posts"}],"about":[{"href":"https:\/\/levangilealecran.com\/index.php?rest_route=\/wp\/v2\/types\/post"}],"author":[{"embeddable":true,"href":"https:\/\/levangilealecran.com\/index.php?rest_route=\/wp\/v2\/users\/2005"}],"replies":[{"embeddable":true,"href":"https:\/\/levangilealecran.com\/index.php?rest_route=%2Fwp%2Fv2%2Fcomments&post=2841"}],"version-history":[{"count":2,"href":"https:\/\/levangilealecran.com\/index.php?rest_route=\/wp\/v2\/posts\/2841\/revisions"}],"predecessor-version":[{"id":2845,"href":"https:\/\/levangilealecran.com\/index.php?rest_route=\/wp\/v2\/posts\/2841\/revisions\/2845"}],"wp:attachment":[{"href":"https:\/\/levangilealecran.com\/index.php?rest_route=%2Fwp%2Fv2%2Fmedia&parent=2841"}],"wp:term":[{"taxonomy":"category","embeddable":true,"href":"https:\/\/levangilealecran.com\/index.php?rest_route=%2Fwp%2Fv2%2Fcategories&post=2841"},{"taxonomy":"post_tag","embeddable":true,"href":"https:\/\/levangilealecran.com\/index.php?rest_route=%2Fwp%2Fv2%2Ftags&post=2841"}],"curies":[{"name":"wp","href":"https:\/\/api.w.org\/{rel}","templated":true}]}}