{"id":2835,"date":"2023-08-11T08:00:00","date_gmt":"2023-08-11T06:00:00","guid":{"rendered":"https:\/\/levangilealecran.com\/?p=2835"},"modified":"2023-08-04T02:51:29","modified_gmt":"2023-08-04T00:51:29","slug":"19e-dimanche-du-temps-ordinaire-a-13-aout-2023","status":"publish","type":"post","link":"https:\/\/levangilealecran.com\/?p=2835","title":{"rendered":"19e dimanche du Temps ordinaire \u2013 A \u2013 13 ao\u00fbt 2023"},"content":{"rendered":"\n<blockquote class=\"wp-block-quote is-layout-flow wp-block-quote-is-layout-flow\"><p>\u00ab C\u2019est un fant\u00f4me. \u00bb Pris de peur, ils se mirent \u00e0 crier. Mais aussit\u00f4t J\u00e9sus leur parla : \u00ab Confiance ! c\u2019est moi ; n\u2019ayez plus peur ! \u00bb<\/p><cite>(Mt 14,26-27)<\/cite><\/blockquote>\n\n\n\n<figure class=\"wp-block-image size-full\"><a href=\"https:\/\/levangilealecran.com\/wp-content\/uploads\/2023\/08\/dim19.jpg\"><img loading=\"lazy\" decoding=\"async\" width=\"320\" height=\"212\" src=\"https:\/\/levangilealecran.com\/wp-content\/uploads\/2023\/08\/dim19.jpg\" alt=\"\" class=\"wp-image-2836\" srcset=\"https:\/\/levangilealecran.com\/wp-content\/uploads\/2023\/08\/dim19.jpg 320w, https:\/\/levangilealecran.com\/wp-content\/uploads\/2023\/08\/dim19-300x199.jpg 300w, https:\/\/levangilealecran.com\/wp-content\/uploads\/2023\/08\/dim19-150x99.jpg 150w, https:\/\/levangilealecran.com\/wp-content\/uploads\/2023\/08\/dim19-226x150.jpg 226w\" sizes=\"auto, (max-width: 320px) 100vw, 320px\" \/><\/a><\/figure>\n\n\n\n<p class=\"wp-block-paragraph\"><strong>> Quelle diff\u00e9rence entre un fant\u00f4me et Dieu ? De nos jours, pour beaucoup, le fant\u00f4me a davantage de chances d\u2019\u00eatre pris au s\u00e9rieux quant \u00e0 son existence, qu\u2019un Dieu soi-disant invent\u00e9 par les moralistes et cru par les simples d\u2019esprit. Il est vrai que notre Dieu choisit parfois des mani\u00e8res surprenantes pour se manifester \u00e0 nous, comme le Ma\u00eetre qui dans notre \u00e9vangile rejoint les siens en marchant sur les eaux. Les cris d\u2019\u00e9pouvante se taisent au moment o\u00f9 il leur parle : C\u2019est sa voix, c\u2019est lui !<br>> Lorsque il nous arrive de nous trouver dans une nuit sans boussole, souvenons-nous que notre Dieu est n\u2019est pas un fant\u00f4me muet ; il est le Dieu qui parle. Dans le doute ou le d\u00e9sarroi, il suffit parfois d\u2019une Parole jadis entendue, qui surgit de notre m\u00e9moire comme un phare. A tel passage d\u2019Evangile ou verset de Psaume qui nous est familier nous reconnaissons la voix du Seigneur. C\u2019est bien lui qui nous parle : \u00ab Confiance ! c\u2019est moi ; n\u2019ayez plus peur ! \u00bb<\/strong><\/p>\n","protected":false},"excerpt":{"rendered":"<p>\u00ab C\u2019est un fant\u00f4me. \u00bb Pris de peur, ils se mirent \u00e0 crier. Mais aussit\u00f4t J\u00e9sus leur parla : \u00ab Confiance ! c\u2019est moi ; n\u2019ayez plus peur ! \u00bb (Mt 14,26-27) > Quelle diff\u00e9rence entre un fant\u00f4me et Dieu ? De nos jours, pour beaucoup, le fant\u00f4me a davantage de chances d\u2019\u00eatre pris au s\u00e9rieux quant \u00e0 son existence, qu\u2019un Dieu soi-disant invent\u00e9 par les moralistes et cru par les simples d\u2019esprit. Il est vrai que notre Dieu choisit parfois des mani\u00e8res surprenantes pour se manifester \u00e0 nous, comme le Ma\u00eetre qui dans notre \u00e9vangile rejoint les siens en marchant sur les eaux. Les cris d\u2019\u00e9pouvante se taisent au \u2026 <a class=\"continue-reading-link\" href=\"https:\/\/levangilealecran.com\/?p=2835\"> Continue reading <span class=\"meta-nav\">&rarr; <\/span><\/a><\/p>\n","protected":false},"author":2005,"featured_media":0,"comment_status":"open","ping_status":"open","sticky":false,"template":"","format":"standard","meta":{"footnotes":""},"categories":[4,8],"tags":[26],"class_list":["post-2835","post","type-post","status-publish","format-standard","hentry","category-dimanche","category-matthieu","tag-confiance"],"_links":{"self":[{"href":"https:\/\/levangilealecran.com\/index.php?rest_route=\/wp\/v2\/posts\/2835","targetHints":{"allow":["GET"]}}],"collection":[{"href":"https:\/\/levangilealecran.com\/index.php?rest_route=\/wp\/v2\/posts"}],"about":[{"href":"https:\/\/levangilealecran.com\/index.php?rest_route=\/wp\/v2\/types\/post"}],"author":[{"embeddable":true,"href":"https:\/\/levangilealecran.com\/index.php?rest_route=\/wp\/v2\/users\/2005"}],"replies":[{"embeddable":true,"href":"https:\/\/levangilealecran.com\/index.php?rest_route=%2Fwp%2Fv2%2Fcomments&post=2835"}],"version-history":[{"count":1,"href":"https:\/\/levangilealecran.com\/index.php?rest_route=\/wp\/v2\/posts\/2835\/revisions"}],"predecessor-version":[{"id":2837,"href":"https:\/\/levangilealecran.com\/index.php?rest_route=\/wp\/v2\/posts\/2835\/revisions\/2837"}],"wp:attachment":[{"href":"https:\/\/levangilealecran.com\/index.php?rest_route=%2Fwp%2Fv2%2Fmedia&parent=2835"}],"wp:term":[{"taxonomy":"category","embeddable":true,"href":"https:\/\/levangilealecran.com\/index.php?rest_route=%2Fwp%2Fv2%2Fcategories&post=2835"},{"taxonomy":"post_tag","embeddable":true,"href":"https:\/\/levangilealecran.com\/index.php?rest_route=%2Fwp%2Fv2%2Ftags&post=2835"}],"curies":[{"name":"wp","href":"https:\/\/api.w.org\/{rel}","templated":true}]}}