{"id":2832,"date":"2023-08-04T02:40:55","date_gmt":"2023-08-04T00:40:55","guid":{"rendered":"https:\/\/levangilealecran.com\/?p=2832"},"modified":"2023-08-04T02:52:26","modified_gmt":"2023-08-04T00:52:26","slug":"dimanche-de-la-transfiguration-a-6-aout-2023","status":"publish","type":"post","link":"https:\/\/levangilealecran.com\/?p=2832","title":{"rendered":"Dimanche de la Transfiguration \u2013 A \u2013 6 ao\u00fbt 2023"},"content":{"rendered":"\n<blockquote class=\"wp-block-quote is-layout-flow wp-block-quote-is-layout-flow\"><p>J\u00e9sus s\u2019approcha, les toucha et leur dit : \u00ab Relevez-vous et soyez sans crainte ! \u00bb<\/p><cite>(Mt 17,7)<\/cite><\/blockquote>\n\n\n\n<figure class=\"wp-block-image size-large is-resized\"><a href=\"https:\/\/levangilealecran.com\/wp-content\/uploads\/2023\/08\/EALE-6-aout-2023.jpg\"><img loading=\"lazy\" decoding=\"async\" src=\"https:\/\/levangilealecran.com\/wp-content\/uploads\/2023\/08\/EALE-6-aout-2023-1024x628.jpg\" alt=\"\" class=\"wp-image-2833\" width=\"768\" height=\"471\" srcset=\"https:\/\/levangilealecran.com\/wp-content\/uploads\/2023\/08\/EALE-6-aout-2023-1024x628.jpg 1024w, https:\/\/levangilealecran.com\/wp-content\/uploads\/2023\/08\/EALE-6-aout-2023-300x184.jpg 300w, https:\/\/levangilealecran.com\/wp-content\/uploads\/2023\/08\/EALE-6-aout-2023-768x471.jpg 768w, https:\/\/levangilealecran.com\/wp-content\/uploads\/2023\/08\/EALE-6-aout-2023-150x92.jpg 150w, https:\/\/levangilealecran.com\/wp-content\/uploads\/2023\/08\/EALE-6-aout-2023-245x150.jpg 245w, https:\/\/levangilealecran.com\/wp-content\/uploads\/2023\/08\/EALE-6-aout-2023.jpg 1153w\" sizes=\"auto, (max-width: 768px) 100vw, 768px\" \/><\/a><\/figure>\n\n\n\n<p class=\"wp-block-paragraph\"><strong>Au c\u0153ur de notre \u00e9t\u00e9, cet \u00c9vangile de la Transfiguration nous rejoint peut-\u00eatre en pleine lumi\u00e8re et en plein repos. Laissons-nous toucher par Celui qui vient \u00e0 nous sur nos lieux de loisirs, de vacances. Laissons-le nous dire, au creux de nos torpeurs estivales : \u00ab Relevez-vous ! \u00bb. Alors que s\u2019annonce peut-\u00eatre d\u00e9j\u00e0 le chemin du retour ou de la rentr\u00e9e pour certaines et certains, \u00e9coutons-le avec confiance nous dire : \u00ab Soyez sans crainte ! \u00bbEt lorsque viendra le moment, apr\u00e8s la transfiguration estivale qui a fait bronzer nos visages, de redescendre de la montagne et de reprendre le cours de nos vies, faisons-le\u2026 forts de ces deux phrases de J\u00e9sus qui nous redonnent \u00e9nergie et courage pour la suite !<\/strong><\/p>\n","protected":false},"excerpt":{"rendered":"<p>J\u00e9sus s\u2019approcha, les toucha et leur dit : \u00ab Relevez-vous et soyez sans crainte ! \u00bb (Mt 17,7) Au c\u0153ur de notre \u00e9t\u00e9, cet \u00c9vangile de la Transfiguration nous rejoint peut-\u00eatre en pleine lumi\u00e8re et en plein repos. Laissons-nous toucher par Celui qui vient \u00e0 nous sur nos lieux de loisirs, de vacances. Laissons-le nous dire, au creux de nos torpeurs estivales : \u00ab Relevez-vous ! \u00bb. Alors que s\u2019annonce peut-\u00eatre d\u00e9j\u00e0 le chemin du retour ou de la rentr\u00e9e pour certaines et certains, \u00e9coutons-le avec confiance nous dire : \u00ab Soyez sans crainte ! \u00bbEt lorsque viendra le moment, apr\u00e8s la transfiguration estivale qui a fait bronzer nos visages, \u2026 <a class=\"continue-reading-link\" href=\"https:\/\/levangilealecran.com\/?p=2832\"> Continue reading <span class=\"meta-nav\">&rarr; <\/span><\/a><\/p>\n","protected":false},"author":2005,"featured_media":0,"comment_status":"open","ping_status":"open","sticky":false,"template":"","format":"standard","meta":{"footnotes":""},"categories":[4,24,8],"tags":[],"class_list":["post-2832","post","type-post","status-publish","format-standard","hentry","category-dimanche","category-fetes","category-matthieu"],"_links":{"self":[{"href":"https:\/\/levangilealecran.com\/index.php?rest_route=\/wp\/v2\/posts\/2832","targetHints":{"allow":["GET"]}}],"collection":[{"href":"https:\/\/levangilealecran.com\/index.php?rest_route=\/wp\/v2\/posts"}],"about":[{"href":"https:\/\/levangilealecran.com\/index.php?rest_route=\/wp\/v2\/types\/post"}],"author":[{"embeddable":true,"href":"https:\/\/levangilealecran.com\/index.php?rest_route=\/wp\/v2\/users\/2005"}],"replies":[{"embeddable":true,"href":"https:\/\/levangilealecran.com\/index.php?rest_route=%2Fwp%2Fv2%2Fcomments&post=2832"}],"version-history":[{"count":1,"href":"https:\/\/levangilealecran.com\/index.php?rest_route=\/wp\/v2\/posts\/2832\/revisions"}],"predecessor-version":[{"id":2834,"href":"https:\/\/levangilealecran.com\/index.php?rest_route=\/wp\/v2\/posts\/2832\/revisions\/2834"}],"wp:attachment":[{"href":"https:\/\/levangilealecran.com\/index.php?rest_route=%2Fwp%2Fv2%2Fmedia&parent=2832"}],"wp:term":[{"taxonomy":"category","embeddable":true,"href":"https:\/\/levangilealecran.com\/index.php?rest_route=%2Fwp%2Fv2%2Fcategories&post=2832"},{"taxonomy":"post_tag","embeddable":true,"href":"https:\/\/levangilealecran.com\/index.php?rest_route=%2Fwp%2Fv2%2Ftags&post=2832"}],"curies":[{"name":"wp","href":"https:\/\/api.w.org\/{rel}","templated":true}]}}