{"id":283,"date":"2013-03-30T08:13:34","date_gmt":"2013-03-30T07:13:34","guid":{"rendered":"http:\/\/levangilealecran.com?p=283"},"modified":"2013-05-17T09:30:05","modified_gmt":"2013-05-17T07:30:05","slug":"samedi-saint-c","status":"publish","type":"post","link":"https:\/\/levangilealecran.com\/?p=283","title":{"rendered":"Samedi Saint &#8211; C"},"content":{"rendered":"<p>\u00ab Elles trouv\u00e8rent la pierre roul\u00e9e sur le c\u00f4t\u00e9 du tombeau. Elles entr\u00e8rent, mais ne trouv\u00e8rent pas le corps du Seigneur J\u00e9sus. Elles ne savaient que penser (\u2026).\u00bb (Lc 24, 2-4a)<\/p>\n<p><strong>&gt; Temps de la s\u00e9paration et du deuil.<\/strong><\/p>\n<p><strong>Temps de la tristesse et du d\u00e9sespoir.<\/strong><\/p>\n<p><strong>Temps arr\u00eat\u00e9, sans futur \u00e0 l\u2019horizon.<\/strong><\/p>\n<p><strong>Temps sombre, sans lumi\u00e8re, comme un abandon.<\/strong><\/p>\n<p><strong>\u00ab Elles ne savent que penser \u00bb.<\/strong><\/p>\n<p><strong>Nous ne savons que penser.<\/strong><\/p>\n<p><strong>Mais ! La pierre est roul\u00e9e ! La faille ne s\u2019est-elle pas ouverte ?! L\u2019Ecriture ne s\u2019est-elle pas accomplie ?<\/strong><\/p>\n<p><strong>Oui, le Christ Ressuscit\u00e9 se tient sur le seuil de nos tombeaux et finit par les ouvrir ! Il est l\u00e0 pour nous accompagner dans les \u00ab petites morts \u00bb qui jalonnent notre vie.<\/strong><\/p>\n<p><strong>Comment vivons-nous ce temps particulier de tous ces \u00ab Samedis Saints \u00bb de ta vie ? Puissions-nous nous souvenir que Samedi Saint, c\u2019est non seulement le temps de la douleur et de la s\u00e9paration, mais aussi la veille d\u2019une immense promesse !<\/strong><\/p>\n","protected":false},"excerpt":{"rendered":"<p>\u00ab Elles trouv\u00e8rent la pierre roul\u00e9e sur le c\u00f4t\u00e9 du tombeau. Elles entr\u00e8rent, mais ne trouv\u00e8rent pas le corps du Seigneur J\u00e9sus. Elles ne savaient que penser (\u2026).\u00bb (Lc 24, 2-4a) &gt; Temps de la s\u00e9paration et du deuil. Temps de la tristesse et du d\u00e9sespoir. Temps arr\u00eat\u00e9, sans futur \u00e0 l\u2019horizon. Temps sombre, sans lumi\u00e8re, comme un abandon. \u00ab Elles ne savent que penser \u00bb. Nous ne savons que penser. Mais ! La pierre est roul\u00e9e ! La faille ne s\u2019est-elle pas ouverte ?! L\u2019Ecriture ne s\u2019est-elle pas accomplie ? Oui, le Christ Ressuscit\u00e9 se tient sur le seuil de nos tombeaux et finit par les ouvrir ! Il \u2026 <a class=\"continue-reading-link\" href=\"https:\/\/levangilealecran.com\/?p=283\"> Continue reading <span class=\"meta-nav\">&rarr; <\/span><\/a><\/p>\n","protected":false},"author":1,"featured_media":0,"comment_status":"open","ping_status":"open","sticky":false,"template":"","format":"standard","meta":{"footnotes":""},"categories":[44,24,6],"tags":[71,431,72],"class_list":["post-283","post","type-post","status-publish","format-standard","hentry","category-careme","category-fetes","category-luc","tag-attente","tag-luc","tag-samedi-saint"],"_links":{"self":[{"href":"https:\/\/levangilealecran.com\/index.php?rest_route=\/wp\/v2\/posts\/283","targetHints":{"allow":["GET"]}}],"collection":[{"href":"https:\/\/levangilealecran.com\/index.php?rest_route=\/wp\/v2\/posts"}],"about":[{"href":"https:\/\/levangilealecran.com\/index.php?rest_route=\/wp\/v2\/types\/post"}],"author":[{"embeddable":true,"href":"https:\/\/levangilealecran.com\/index.php?rest_route=\/wp\/v2\/users\/1"}],"replies":[{"embeddable":true,"href":"https:\/\/levangilealecran.com\/index.php?rest_route=%2Fwp%2Fv2%2Fcomments&post=283"}],"version-history":[{"count":3,"href":"https:\/\/levangilealecran.com\/index.php?rest_route=\/wp\/v2\/posts\/283\/revisions"}],"predecessor-version":[{"id":317,"href":"https:\/\/levangilealecran.com\/index.php?rest_route=\/wp\/v2\/posts\/283\/revisions\/317"}],"wp:attachment":[{"href":"https:\/\/levangilealecran.com\/index.php?rest_route=%2Fwp%2Fv2%2Fmedia&parent=283"}],"wp:term":[{"taxonomy":"category","embeddable":true,"href":"https:\/\/levangilealecran.com\/index.php?rest_route=%2Fwp%2Fv2%2Fcategories&post=283"},{"taxonomy":"post_tag","embeddable":true,"href":"https:\/\/levangilealecran.com\/index.php?rest_route=%2Fwp%2Fv2%2Ftags&post=283"}],"curies":[{"name":"wp","href":"https:\/\/api.w.org\/{rel}","templated":true}]}}