{"id":2820,"date":"2023-07-14T08:00:00","date_gmt":"2023-07-14T06:00:00","guid":{"rendered":"https:\/\/levangilealecran.com\/?p=2820"},"modified":"2023-07-13T14:56:05","modified_gmt":"2023-07-13T12:56:05","slug":"15e-dimanche-du-temps-ordinaire-a-16-juillet-2023","status":"publish","type":"post","link":"https:\/\/levangilealecran.com\/?p=2820","title":{"rendered":"15e dimanche du Temps ordinaire \u2013 A \u2013 16 juillet 2023"},"content":{"rendered":"\n<blockquote class=\"wp-block-quote is-layout-flow wp-block-quote-is-layout-flow\"><p>\u00ab\u00a0Celui a \u00e9t\u00e9 ensemenc\u00e9 dans la bonne terre<br>c&rsquo;est celui qui entend la Parole et la comprend; il porte du fruit. \u00bb<\/p><cite>Mat 13,23<\/cite><\/blockquote>\n\n\n\n<figure class=\"wp-block-image size-large\"><a href=\"https:\/\/levangilealecran.com\/wp-content\/uploads\/2023\/07\/pexels-greta-hoffman-7728632-scaled.jpg\"><img loading=\"lazy\" decoding=\"async\" width=\"1024\" height=\"551\" src=\"https:\/\/levangilealecran.com\/wp-content\/uploads\/2023\/07\/pexels-greta-hoffman-7728632-1024x551.jpg\" alt=\"\" class=\"wp-image-2822\" srcset=\"https:\/\/levangilealecran.com\/wp-content\/uploads\/2023\/07\/pexels-greta-hoffman-7728632-1024x551.jpg 1024w, https:\/\/levangilealecran.com\/wp-content\/uploads\/2023\/07\/pexels-greta-hoffman-7728632-300x161.jpg 300w, https:\/\/levangilealecran.com\/wp-content\/uploads\/2023\/07\/pexels-greta-hoffman-7728632-768x413.jpg 768w, https:\/\/levangilealecran.com\/wp-content\/uploads\/2023\/07\/pexels-greta-hoffman-7728632-1536x827.jpg 1536w, https:\/\/levangilealecran.com\/wp-content\/uploads\/2023\/07\/pexels-greta-hoffman-7728632-2048x1102.jpg 2048w, https:\/\/levangilealecran.com\/wp-content\/uploads\/2023\/07\/pexels-greta-hoffman-7728632-150x81.jpg 150w, https:\/\/levangilealecran.com\/wp-content\/uploads\/2023\/07\/pexels-greta-hoffman-7728632-250x135.jpg 250w, https:\/\/levangilealecran.com\/wp-content\/uploads\/2023\/07\/pexels-greta-hoffman-7728632-1320x710.jpg 1320w\" sizes=\"auto, (max-width: 1024px) 100vw, 1024px\" \/><\/a><\/figure>\n\n\n\n<p class=\"wp-block-paragraph\">&gt; <strong>O\u00f9 est-il, ce recoin de votre jardin secret o\u00f9 vous pouvez vous retirer pour voir grandir les fruits de la Parole&nbsp;?<\/strong><\/p>\n\n\n\n<p class=\"wp-block-paragraph\"><strong>Quelle sorte d\u2019engrais y mettez-vous et combien de fois faites-vous un effort spirituel pour le pr\u00e9server des parasites&nbsp;? Les soucis, les to-do listes qui nous obs\u00e8dent, ce besoin tr\u00e8s humain de futilit\u00e9 et de choses superficielles qui nous fait d\u00e9tourner nos regards de l\u2019essentiel\u2026<\/strong><\/p>\n\n\n\n<p class=\"wp-block-paragraph\"><em><strong>Apprends-moi Seigneur \u00e0 cultiver mon jardin int\u00e9rieur<br>Pour y pr\u00e9parer une terre propice \u00e0 te recevoir.<br>Mais si des recoins de ma vie demeurent en friche,<br>Si parfois la mauvaise herbe des soucis prend trop de place<br>Surtout Seigneur,<br>Ne te lasse pas de semer&nbsp;!<br>Amen<\/strong><\/em><\/p>\n","protected":false},"excerpt":{"rendered":"<p>\u00ab\u00a0Celui a \u00e9t\u00e9 ensemenc\u00e9 dans la bonne terrec&rsquo;est celui qui entend la Parole et la comprend; il porte du fruit. \u00bb Mat 13,23 &gt; O\u00f9 est-il, ce recoin de votre jardin secret o\u00f9 vous pouvez vous retirer pour voir grandir les fruits de la Parole&nbsp;? Quelle sorte d\u2019engrais y mettez-vous et combien de fois faites-vous un effort spirituel pour le pr\u00e9server des parasites&nbsp;? Les soucis, les to-do listes qui nous obs\u00e8dent, ce besoin tr\u00e8s humain de futilit\u00e9 et de choses superficielles qui nous fait d\u00e9tourner nos regards de l\u2019essentiel\u2026 Apprends-moi Seigneur \u00e0 cultiver mon jardin int\u00e9rieurPour y pr\u00e9parer une terre propice \u00e0 te recevoir.Mais si des recoins de ma vie \u2026 <a class=\"continue-reading-link\" href=\"https:\/\/levangilealecran.com\/?p=2820\"> Continue reading <span class=\"meta-nav\">&rarr; <\/span><\/a><\/p>\n","protected":false},"author":2006,"featured_media":0,"comment_status":"open","ping_status":"open","sticky":false,"template":"","format":"standard","meta":{"footnotes":""},"categories":[4,8],"tags":[925,678,39,104,593],"class_list":["post-2820","post","type-post","status-publish","format-standard","hentry","category-dimanche","category-matthieu","tag-cultiver","tag-fruits","tag-parole","tag-semer","tag-semeur"],"_links":{"self":[{"href":"https:\/\/levangilealecran.com\/index.php?rest_route=\/wp\/v2\/posts\/2820","targetHints":{"allow":["GET"]}}],"collection":[{"href":"https:\/\/levangilealecran.com\/index.php?rest_route=\/wp\/v2\/posts"}],"about":[{"href":"https:\/\/levangilealecran.com\/index.php?rest_route=\/wp\/v2\/types\/post"}],"author":[{"embeddable":true,"href":"https:\/\/levangilealecran.com\/index.php?rest_route=\/wp\/v2\/users\/2006"}],"replies":[{"embeddable":true,"href":"https:\/\/levangilealecran.com\/index.php?rest_route=%2Fwp%2Fv2%2Fcomments&post=2820"}],"version-history":[{"count":3,"href":"https:\/\/levangilealecran.com\/index.php?rest_route=\/wp\/v2\/posts\/2820\/revisions"}],"predecessor-version":[{"id":2824,"href":"https:\/\/levangilealecran.com\/index.php?rest_route=\/wp\/v2\/posts\/2820\/revisions\/2824"}],"wp:attachment":[{"href":"https:\/\/levangilealecran.com\/index.php?rest_route=%2Fwp%2Fv2%2Fmedia&parent=2820"}],"wp:term":[{"taxonomy":"category","embeddable":true,"href":"https:\/\/levangilealecran.com\/index.php?rest_route=%2Fwp%2Fv2%2Fcategories&post=2820"},{"taxonomy":"post_tag","embeddable":true,"href":"https:\/\/levangilealecran.com\/index.php?rest_route=%2Fwp%2Fv2%2Ftags&post=2820"}],"curies":[{"name":"wp","href":"https:\/\/api.w.org\/{rel}","templated":true}]}}