{"id":2817,"date":"2023-07-21T08:00:00","date_gmt":"2023-07-21T06:00:00","guid":{"rendered":"https:\/\/levangilealecran.com\/?p=2817"},"modified":"2023-07-12T11:22:42","modified_gmt":"2023-07-12T09:22:42","slug":"16e-dimanche-du-temps-ordinaire-a-23-juillet-2023","status":"publish","type":"post","link":"https:\/\/levangilealecran.com\/?p=2817","title":{"rendered":"16e dimanche du Temps ordinaire \u2013 A \u2013 23 juillet 2023"},"content":{"rendered":"\n<blockquote class=\"wp-block-quote is-layout-flow wp-block-quote-is-layout-flow\"><p>\u00ab Laissez-les pousser ensemble \u00bb<\/p><cite>Mat 13,30<\/cite><\/blockquote>\n\n\n\n<figure class=\"wp-block-image size-full\"><a href=\"https:\/\/levangilealecran.com\/wp-content\/uploads\/2023\/07\/ImageEvEcr2023_07_23.jpg\"><img loading=\"lazy\" decoding=\"async\" width=\"600\" height=\"600\" src=\"https:\/\/levangilealecran.com\/wp-content\/uploads\/2023\/07\/ImageEvEcr2023_07_23.jpg\" alt=\"\" class=\"wp-image-2818\" srcset=\"https:\/\/levangilealecran.com\/wp-content\/uploads\/2023\/07\/ImageEvEcr2023_07_23.jpg 600w, https:\/\/levangilealecran.com\/wp-content\/uploads\/2023\/07\/ImageEvEcr2023_07_23-300x300.jpg 300w, https:\/\/levangilealecran.com\/wp-content\/uploads\/2023\/07\/ImageEvEcr2023_07_23-150x150.jpg 150w\" sizes=\"auto, (max-width: 600px) 100vw, 600px\" \/><\/a><\/figure>\n\n\n\n<p class=\"wp-block-paragraph\"><strong>> Souvent nous aimerions \u00f4ter le mal du monde. Le purifier. Le rendre parfaitement bon. Mais J\u00e9sus nous propose un autre chemin : celui d\u2019accepter la pr\u00e9sence du mal dans le monde et de Lui laisser, \u00e0 Lui et \u00e0 Lui seul, le soin de juger les c\u0153urs. Car la mauvaise herbe est m\u00e9lang\u00e9e \u00e0 la bonne semence. Le mal est m\u00e9lang\u00e9 au bien. Et nous dit la parabole, seulement lors de la moisson pourra-t-il faire le tri. Seul Dieu pourra juger les c\u0153urs.<\/strong><\/p>\n\n\n\n<p class=\"wp-block-paragraph\"><strong>> Nous sommes donc appel\u00e9s \u00e0 semer, puis \u00e0 laisser pousser. Laisser faire. Dans une attitude de non-jugement. Et laisser le Christ \u00e0 sa juste place et nous \u00e0 la n\u00f4tre d\u2019\u00eatres humains. Ce qui est, en v\u00e9rit\u00e9, loin d\u2019\u00eatre simple.<\/strong><\/p>\n\n\n\n<p class=\"wp-block-paragraph\"><strong>> Cette semaine, m\u00e9ditons nos jugements h\u00e2tifs pour les d\u00e9poser dans les mains de Dieu. Et laisser Dieu agir.<\/strong><\/p>\n","protected":false},"excerpt":{"rendered":"<p>\u00ab Laissez-les pousser ensemble \u00bb Mat 13,30 > Souvent nous aimerions \u00f4ter le mal du monde. Le purifier. Le rendre parfaitement bon. Mais J\u00e9sus nous propose un autre chemin : celui d\u2019accepter la pr\u00e9sence du mal dans le monde et de Lui laisser, \u00e0 Lui et \u00e0 Lui seul, le soin de juger les c\u0153urs. Car la mauvaise herbe est m\u00e9lang\u00e9e \u00e0 la bonne semence. Le mal est m\u00e9lang\u00e9 au bien. Et nous dit la parabole, seulement lors de la moisson pourra-t-il faire le tri. Seul Dieu pourra juger les c\u0153urs. > Nous sommes donc appel\u00e9s \u00e0 semer, puis \u00e0 laisser pousser. Laisser faire. Dans une attitude de non-jugement. Et \u2026 <a class=\"continue-reading-link\" href=\"https:\/\/levangilealecran.com\/?p=2817\"> Continue reading <span class=\"meta-nav\">&rarr; <\/span><\/a><\/p>\n","protected":false},"author":2006,"featured_media":0,"comment_status":"open","ping_status":"open","sticky":false,"template":"","format":"standard","meta":{"footnotes":""},"categories":[4,8],"tags":[53,504,389,104],"class_list":["post-2817","post","type-post","status-publish","format-standard","hentry","category-dimanche","category-matthieu","tag-christ","tag-jugement","tag-mal","tag-semer"],"_links":{"self":[{"href":"https:\/\/levangilealecran.com\/index.php?rest_route=\/wp\/v2\/posts\/2817","targetHints":{"allow":["GET"]}}],"collection":[{"href":"https:\/\/levangilealecran.com\/index.php?rest_route=\/wp\/v2\/posts"}],"about":[{"href":"https:\/\/levangilealecran.com\/index.php?rest_route=\/wp\/v2\/types\/post"}],"author":[{"embeddable":true,"href":"https:\/\/levangilealecran.com\/index.php?rest_route=\/wp\/v2\/users\/2006"}],"replies":[{"embeddable":true,"href":"https:\/\/levangilealecran.com\/index.php?rest_route=%2Fwp%2Fv2%2Fcomments&post=2817"}],"version-history":[{"count":1,"href":"https:\/\/levangilealecran.com\/index.php?rest_route=\/wp\/v2\/posts\/2817\/revisions"}],"predecessor-version":[{"id":2819,"href":"https:\/\/levangilealecran.com\/index.php?rest_route=\/wp\/v2\/posts\/2817\/revisions\/2819"}],"wp:attachment":[{"href":"https:\/\/levangilealecran.com\/index.php?rest_route=%2Fwp%2Fv2%2Fmedia&parent=2817"}],"wp:term":[{"taxonomy":"category","embeddable":true,"href":"https:\/\/levangilealecran.com\/index.php?rest_route=%2Fwp%2Fv2%2Fcategories&post=2817"},{"taxonomy":"post_tag","embeddable":true,"href":"https:\/\/levangilealecran.com\/index.php?rest_route=%2Fwp%2Fv2%2Ftags&post=2817"}],"curies":[{"name":"wp","href":"https:\/\/api.w.org\/{rel}","templated":true}]}}