{"id":281,"date":"2013-03-29T08:21:31","date_gmt":"2013-03-29T07:21:31","guid":{"rendered":"http:\/\/levangilealecran.com?p=281"},"modified":"2013-03-29T08:21:31","modified_gmt":"2013-03-29T07:21:31","slug":"vendredi-saint-c","status":"publish","type":"post","link":"https:\/\/levangilealecran.com\/?p=281","title":{"rendered":"Vendredi Saint &#8211; C"},"content":{"rendered":"<p style=\"text-align: justify;\">\u00ab\u00a0Portant lui-m\u00eame sa croix, J\u00e9sus sortit et gagna le lieu dit du Cr\u00e2ne, qu&rsquo;en h\u00e9breu on nomme Golgotha. C&rsquo;est l\u00e0 qu&rsquo;ils le crucifi\u00e8rent ainsi que deux autres, un de chaque c\u00f4t\u00e9 et, au milieu, J\u00e9sus.\u00a0\u00bb (Jn 19,17-18)<\/p>\n<p style=\"text-align: justify;\"><strong>&gt; J\u00e9sus, portant sa croix, prend sur lui l\u2019ensemble de notre p\u00e9ch\u00e9, de nos fragilit\u00e9s, de nos d\u00e9chirures. Et si, pour cette journ\u00e9e, nous repensions \u00e0 la croix que nous avons \u00e0 porter dans notre quotidien et que nous essayions de la remettre au Christ qui nous en rel\u00e8ve ? Car le Christ crucifi\u00e9 est bien au milieu de nos croix\u2026<\/strong><\/p>\n","protected":false},"excerpt":{"rendered":"<p>\u00ab\u00a0Portant lui-m\u00eame sa croix, J\u00e9sus sortit et gagna le lieu dit du Cr\u00e2ne, qu&rsquo;en h\u00e9breu on nomme Golgotha. C&rsquo;est l\u00e0 qu&rsquo;ils le crucifi\u00e8rent ainsi que deux autres, un de chaque c\u00f4t\u00e9 et, au milieu, J\u00e9sus.\u00a0\u00bb (Jn 19,17-18) &gt; J\u00e9sus, portant sa croix, prend sur lui l\u2019ensemble de notre p\u00e9ch\u00e9, de nos fragilit\u00e9s, de nos d\u00e9chirures. Et si, pour cette journ\u00e9e, nous repensions \u00e0 la croix que nous avons \u00e0 porter dans notre quotidien et que nous essayions de la remettre au Christ qui nous en rel\u00e8ve ? Car le Christ crucifi\u00e9 est bien au milieu de nos croix\u2026<\/p>\n","protected":false},"author":1,"featured_media":0,"comment_status":"open","ping_status":"open","sticky":false,"template":"","format":"standard","meta":{"footnotes":""},"categories":[44,5],"tags":[68,69,70],"class_list":["post-281","post","type-post","status-publish","format-standard","hentry","category-careme","category-jean","tag-croix","tag-fragilites","tag-relever"],"_links":{"self":[{"href":"https:\/\/levangilealecran.com\/index.php?rest_route=\/wp\/v2\/posts\/281","targetHints":{"allow":["GET"]}}],"collection":[{"href":"https:\/\/levangilealecran.com\/index.php?rest_route=\/wp\/v2\/posts"}],"about":[{"href":"https:\/\/levangilealecran.com\/index.php?rest_route=\/wp\/v2\/types\/post"}],"author":[{"embeddable":true,"href":"https:\/\/levangilealecran.com\/index.php?rest_route=\/wp\/v2\/users\/1"}],"replies":[{"embeddable":true,"href":"https:\/\/levangilealecran.com\/index.php?rest_route=%2Fwp%2Fv2%2Fcomments&post=281"}],"version-history":[{"count":1,"href":"https:\/\/levangilealecran.com\/index.php?rest_route=\/wp\/v2\/posts\/281\/revisions"}],"predecessor-version":[{"id":282,"href":"https:\/\/levangilealecran.com\/index.php?rest_route=\/wp\/v2\/posts\/281\/revisions\/282"}],"wp:attachment":[{"href":"https:\/\/levangilealecran.com\/index.php?rest_route=%2Fwp%2Fv2%2Fmedia&parent=281"}],"wp:term":[{"taxonomy":"category","embeddable":true,"href":"https:\/\/levangilealecran.com\/index.php?rest_route=%2Fwp%2Fv2%2Fcategories&post=281"},{"taxonomy":"post_tag","embeddable":true,"href":"https:\/\/levangilealecran.com\/index.php?rest_route=%2Fwp%2Fv2%2Ftags&post=281"}],"curies":[{"name":"wp","href":"https:\/\/api.w.org\/{rel}","templated":true}]}}