{"id":2809,"date":"2023-07-07T08:00:00","date_gmt":"2023-07-07T06:00:00","guid":{"rendered":"https:\/\/levangilealecran.com\/?p=2809"},"modified":"2023-06-29T20:15:32","modified_gmt":"2023-06-29T18:15:32","slug":"2809","status":"publish","type":"post","link":"https:\/\/levangilealecran.com\/?p=2809","title":{"rendered":"14e dimanche du Temps ordinaire \u2013 A \u2013 9 juillet 2023"},"content":{"rendered":"\n<blockquote class=\"wp-block-quote is-layout-flow wp-block-quote-is-layout-flow\"><p>\u00ab Et moi, je vous procurerai le repos \u00bb<\/p><cite>Matthieu 11,28<\/cite><\/blockquote>\n\n\n\n<figure class=\"wp-block-image size-full\"><a href=\"https:\/\/levangilealecran.com\/wp-content\/uploads\/2023\/06\/ImageEvEcr2023_07_09.jpg\"><img loading=\"lazy\" decoding=\"async\" width=\"600\" height=\"600\" src=\"https:\/\/levangilealecran.com\/wp-content\/uploads\/2023\/06\/ImageEvEcr2023_07_09.jpg\" alt=\"\" class=\"wp-image-2811\" srcset=\"https:\/\/levangilealecran.com\/wp-content\/uploads\/2023\/06\/ImageEvEcr2023_07_09.jpg 600w, https:\/\/levangilealecran.com\/wp-content\/uploads\/2023\/06\/ImageEvEcr2023_07_09-300x300.jpg 300w, https:\/\/levangilealecran.com\/wp-content\/uploads\/2023\/06\/ImageEvEcr2023_07_09-150x150.jpg 150w\" sizes=\"auto, (max-width: 600px) 100vw, 600px\" \/><\/a><\/figure>\n\n\n\n<blockquote class=\"wp-block-quote is-layout-flow wp-block-quote-is-layout-flow\"><p><strong>&gt; Le repos, celui dont parle notre monde, c\u2019est celui de l\u2019agitation de l\u2019ann\u00e9e, celui du travail et des occupations diverses de notre agenda, celui que nous pouvons trouver en vacances. A la mer. A la montagne. Dans des s\u00e9jours \u00ab qui font du bien \u00bb. C\u2019est cesser de faire.<\/strong><\/p><p><strong>&gt; Le repos, celui dont parle J\u00e9sus, est autre. C\u2019est celui, spirituel, qui d\u00e9charge des fardeaux, des difficult\u00e9s, des \u00e9preuves. C\u2019est celui, existentiel, qui apaise les inqui\u00e9tudes du lendemain, les angoisses d\u2019un avenir incertain. Le repos en Christ, c\u2019est la paix int\u00e9rieure. C\u2019est la s\u00e9r\u00e9nit\u00e9 face \u00e0 l\u2019avenir incertain. C\u2019est le calme et la confiance de la foi. C\u2019est laisser faire.<\/strong><\/p><p>&gt; <strong>Pour pouvoir b\u00e9n\u00e9ficier de ce repos, il s\u2019agit simplement de venir au Christ. \u00ab Venez-\u00e0 moi \u00bb, dit J\u00e9sus, comme un appel \u00e0 chaque personne \u00e0 se tourner vers Lui. A sortir de son confort et \u00e0 prendre le chemin \u00e0 sa suite. Un appel, m\u00eame, \u00e0 lui confier notre vie. Rien que cela. S\u2019abandonner en Lui. Cesser de faire pour Le laisser faire. Et ainsi, il nous procurera le repos.<\/strong><\/p><\/blockquote>\n","protected":false},"excerpt":{"rendered":"<p>\u00ab Et moi, je vous procurerai le repos \u00bb Matthieu 11,28 &gt; Le repos, celui dont parle notre monde, c\u2019est celui de l\u2019agitation de l\u2019ann\u00e9e, celui du travail et des occupations diverses de notre agenda, celui que nous pouvons trouver en vacances. A la mer. A la montagne. Dans des s\u00e9jours \u00ab qui font du bien \u00bb. C\u2019est cesser de faire. &gt; Le repos, celui dont parle J\u00e9sus, est autre. C\u2019est celui, spirituel, qui d\u00e9charge des fardeaux, des difficult\u00e9s, des \u00e9preuves. C\u2019est celui, existentiel, qui apaise les inqui\u00e9tudes du lendemain, les angoisses d\u2019un avenir incertain. Le repos en Christ, c\u2019est la paix int\u00e9rieure. C\u2019est la s\u00e9r\u00e9nit\u00e9 face \u00e0 l\u2019avenir incertain. \u2026 <a class=\"continue-reading-link\" href=\"https:\/\/levangilealecran.com\/?p=2809\"> Continue reading <span class=\"meta-nav\">&rarr; <\/span><\/a><\/p>\n","protected":false},"author":2006,"featured_media":0,"comment_status":"open","ping_status":"open","sticky":false,"template":"","format":"standard","meta":{"footnotes":""},"categories":[4,8,1],"tags":[26,19,284,232],"class_list":["post-2809","post","type-post","status-publish","format-standard","hentry","category-dimanche","category-matthieu","category-sanscategorie","tag-confiance","tag-paix","tag-repos","tag-suivre"],"_links":{"self":[{"href":"https:\/\/levangilealecran.com\/index.php?rest_route=\/wp\/v2\/posts\/2809","targetHints":{"allow":["GET"]}}],"collection":[{"href":"https:\/\/levangilealecran.com\/index.php?rest_route=\/wp\/v2\/posts"}],"about":[{"href":"https:\/\/levangilealecran.com\/index.php?rest_route=\/wp\/v2\/types\/post"}],"author":[{"embeddable":true,"href":"https:\/\/levangilealecran.com\/index.php?rest_route=\/wp\/v2\/users\/2006"}],"replies":[{"embeddable":true,"href":"https:\/\/levangilealecran.com\/index.php?rest_route=%2Fwp%2Fv2%2Fcomments&post=2809"}],"version-history":[{"count":3,"href":"https:\/\/levangilealecran.com\/index.php?rest_route=\/wp\/v2\/posts\/2809\/revisions"}],"predecessor-version":[{"id":2813,"href":"https:\/\/levangilealecran.com\/index.php?rest_route=\/wp\/v2\/posts\/2809\/revisions\/2813"}],"wp:attachment":[{"href":"https:\/\/levangilealecran.com\/index.php?rest_route=%2Fwp%2Fv2%2Fmedia&parent=2809"}],"wp:term":[{"taxonomy":"category","embeddable":true,"href":"https:\/\/levangilealecran.com\/index.php?rest_route=%2Fwp%2Fv2%2Fcategories&post=2809"},{"taxonomy":"post_tag","embeddable":true,"href":"https:\/\/levangilealecran.com\/index.php?rest_route=%2Fwp%2Fv2%2Ftags&post=2809"}],"curies":[{"name":"wp","href":"https:\/\/api.w.org\/{rel}","templated":true}]}}