{"id":2806,"date":"2023-06-30T08:00:00","date_gmt":"2023-06-30T06:00:00","guid":{"rendered":"https:\/\/levangilealecran.com\/?p=2806"},"modified":"2023-06-29T23:03:47","modified_gmt":"2023-06-29T21:03:47","slug":"13e-dimanche-du-temps-ordinaire-a-2-juillet-2023","status":"publish","type":"post","link":"https:\/\/levangilealecran.com\/?p=2806","title":{"rendered":"13e dimanche du Temps Ordinaire \u2013 A \u2013 2 juillet 2023"},"content":{"rendered":"\n<blockquote class=\"wp-block-quote is-layout-flow wp-block-quote-is-layout-flow\"><p>\u00ab Qui aime son p\u00e8re ou sa m\u00e8re plus que moi n\u2019est pas digne de moi ; qui aime son fils ou sa fille plus que moi n\u2019est pas digne de moi. \u00bb<\/p><cite>(Matthieu 10, 37)<\/cite><\/blockquote>\n\n\n\n<figure class=\"wp-block-image size-full is-resized\"><a href=\"https:\/\/levangilealecran.com\/wp-content\/uploads\/2023\/06\/stencil.logo-large-2.png\"><img loading=\"lazy\" decoding=\"async\" src=\"https:\/\/levangilealecran.com\/wp-content\/uploads\/2023\/06\/stencil.logo-large-2.png\" alt=\"\" class=\"wp-image-2814\" width=\"600\" height=\"600\" srcset=\"https:\/\/levangilealecran.com\/wp-content\/uploads\/2023\/06\/stencil.logo-large-2.png 1200w, https:\/\/levangilealecran.com\/wp-content\/uploads\/2023\/06\/stencil.logo-large-2-300x300.png 300w, https:\/\/levangilealecran.com\/wp-content\/uploads\/2023\/06\/stencil.logo-large-2-1024x1024.png 1024w, https:\/\/levangilealecran.com\/wp-content\/uploads\/2023\/06\/stencil.logo-large-2-150x150.png 150w, https:\/\/levangilealecran.com\/wp-content\/uploads\/2023\/06\/stencil.logo-large-2-768x768.png 768w\" sizes=\"auto, (max-width: 600px) 100vw, 600px\" \/><\/a><\/figure>\n\n\n\n<p class=\"wp-block-paragraph\"><strong>> Dans ce passage de l\u2019\u00c9vangile selon saint Matthieu, J\u00e9sus ne nous demande pas de renier notre famille ou de ne pas l\u2019aimer. Il nous invite plut\u00f4t \u00e0 aimer Dieu par-dessus tout, car c\u2019est le premier commandement. Aimer Dieu plus que tout, c\u2019est reconna\u00eetre qu\u2019il est la source de tout amour et de toute vie. C\u2019est lui rendre gr\u00e2ce pour le don de la famille et des proches. C\u2019est aussi accepter sa volont\u00e9 et son plan pour nous, m\u00eame si cela implique parfois des sacrifices ou des \u00e9preuves. Aimer Dieu plus que tout, c\u2019est enfin lui faire confiance et lui rester fid\u00e8le, car il nous aime d\u2019un amour infini et \u00e9ternel.<br>> Cette semaine, r\u00e9fl\u00e9chissons \u00e0 la mani\u00e8re dont nous aimons Dieu et notre famille, nos amis. Est-ce que nous mettons Dieu au centre de notre vie et de nos relations ? Est-ce que nous t\u00e9moignons de notre foi et de notre esp\u00e9rance \u00e0 nos proches ? Est-ce que nous respectons la libert\u00e9 et la dignit\u00e9 de chacun ? Est-ce que nous savons pardonner et demander pardon ? N\u2019ayons pas peur d\u2019aimer Dieu plus que tout, car c\u2019est le meilleur moyen d\u2019aimer aussi notre famille et nos amis. Que Dieu vous b\u00e9nisse !<\/strong><\/p>\n","protected":false},"excerpt":{"rendered":"<p>\u00ab Qui aime son p\u00e8re ou sa m\u00e8re plus que moi n\u2019est pas digne de moi ; qui aime son fils ou sa fille plus que moi n\u2019est pas digne de moi. \u00bb (Matthieu 10, 37) > Dans ce passage de l\u2019\u00c9vangile selon saint Matthieu, J\u00e9sus ne nous demande pas de renier notre famille ou de ne pas l\u2019aimer. Il nous invite plut\u00f4t \u00e0 aimer Dieu par-dessus tout, car c\u2019est le premier commandement. Aimer Dieu plus que tout, c\u2019est reconna\u00eetre qu\u2019il est la source de tout amour et de toute vie. C\u2019est lui rendre gr\u00e2ce pour le don de la famille et des proches. C\u2019est aussi accepter sa volont\u00e9 et \u2026 <a class=\"continue-reading-link\" href=\"https:\/\/levangilealecran.com\/?p=2806\"> Continue reading <span class=\"meta-nav\">&rarr; <\/span><\/a><\/p>\n","protected":false},"author":2005,"featured_media":0,"comment_status":"open","ping_status":"open","sticky":false,"template":"","format":"standard","meta":{"footnotes":""},"categories":[4,8],"tags":[],"class_list":["post-2806","post","type-post","status-publish","format-standard","hentry","category-dimanche","category-matthieu"],"_links":{"self":[{"href":"https:\/\/levangilealecran.com\/index.php?rest_route=\/wp\/v2\/posts\/2806","targetHints":{"allow":["GET"]}}],"collection":[{"href":"https:\/\/levangilealecran.com\/index.php?rest_route=\/wp\/v2\/posts"}],"about":[{"href":"https:\/\/levangilealecran.com\/index.php?rest_route=\/wp\/v2\/types\/post"}],"author":[{"embeddable":true,"href":"https:\/\/levangilealecran.com\/index.php?rest_route=\/wp\/v2\/users\/2005"}],"replies":[{"embeddable":true,"href":"https:\/\/levangilealecran.com\/index.php?rest_route=%2Fwp%2Fv2%2Fcomments&post=2806"}],"version-history":[{"count":2,"href":"https:\/\/levangilealecran.com\/index.php?rest_route=\/wp\/v2\/posts\/2806\/revisions"}],"predecessor-version":[{"id":2815,"href":"https:\/\/levangilealecran.com\/index.php?rest_route=\/wp\/v2\/posts\/2806\/revisions\/2815"}],"wp:attachment":[{"href":"https:\/\/levangilealecran.com\/index.php?rest_route=%2Fwp%2Fv2%2Fmedia&parent=2806"}],"wp:term":[{"taxonomy":"category","embeddable":true,"href":"https:\/\/levangilealecran.com\/index.php?rest_route=%2Fwp%2Fv2%2Fcategories&post=2806"},{"taxonomy":"post_tag","embeddable":true,"href":"https:\/\/levangilealecran.com\/index.php?rest_route=%2Fwp%2Fv2%2Ftags&post=2806"}],"curies":[{"name":"wp","href":"https:\/\/api.w.org\/{rel}","templated":true}]}}