{"id":2802,"date":"2023-06-23T08:00:00","date_gmt":"2023-06-23T06:00:00","guid":{"rendered":"https:\/\/levangilealecran.com\/?p=2802"},"modified":"2023-06-22T17:54:27","modified_gmt":"2023-06-22T15:54:27","slug":"12e-dimanche-du-temps-ordinaire-a-25-juin-2023","status":"publish","type":"post","link":"https:\/\/levangilealecran.com\/?p=2802","title":{"rendered":"12e dimanche du Temps ordinaire \u2013 A \u2013 25 juin 2023"},"content":{"rendered":"\n<blockquote class=\"wp-block-quote is-layout-flow wp-block-quote-is-layout-flow\"><p>\u00ab\u00a0N\u2019ayez pas peur, personne ne peut tuer la vie qui est en vous.\u00a0\u00bb<\/p><cite>Mt 10, 28<\/cite><\/blockquote>\n\n\n\n<figure class=\"wp-block-image size-large is-resized\"><a href=\"https:\/\/levangilealecran.com\/wp-content\/uploads\/2023\/06\/mt1028.png\"><img loading=\"lazy\" decoding=\"async\" src=\"https:\/\/levangilealecran.com\/wp-content\/uploads\/2023\/06\/mt1028-1024x705.png\" alt=\"\" class=\"wp-image-2803\" width=\"768\" height=\"529\" srcset=\"https:\/\/levangilealecran.com\/wp-content\/uploads\/2023\/06\/mt1028-1024x705.png 1024w, https:\/\/levangilealecran.com\/wp-content\/uploads\/2023\/06\/mt1028-300x207.png 300w, https:\/\/levangilealecran.com\/wp-content\/uploads\/2023\/06\/mt1028-768x529.png 768w, https:\/\/levangilealecran.com\/wp-content\/uploads\/2023\/06\/mt1028-1536x1058.png 1536w, https:\/\/levangilealecran.com\/wp-content\/uploads\/2023\/06\/mt1028-2048x1411.png 2048w, https:\/\/levangilealecran.com\/wp-content\/uploads\/2023\/06\/mt1028-150x103.png 150w, https:\/\/levangilealecran.com\/wp-content\/uploads\/2023\/06\/mt1028-218x150.png 218w, https:\/\/levangilealecran.com\/wp-content\/uploads\/2023\/06\/mt1028-1320x909.png 1320w\" sizes=\"auto, (max-width: 768px) 100vw, 768px\" \/><\/a><\/figure>\n\n\n\n<p class=\"wp-block-paragraph\"><strong>> L\u2019exhortation \u00e0 ne pas s\u2019inqui\u00e9ter ne ressemble pas \u00e0 une recette de coach spirituel permettant \u00e0 tout un chacun de trouver son \u00e9quilibre et d\u2019organiser son bonheur personnel ou de g\u00e9rer sainement sa vie familiale, celle de son association, de la communaut\u00e9 \u00e0 laquelle il appartient : vous savez, le fameux \u00ab l\u00e2cher-prise \u00bb gr\u00e2ce auquel tout irait mieux. On n\u2019est pas dans le registre du fitness mental.<br>Mais alors que dit l\u2019\u00e9vangile ? Quelque chose de tr\u00e8s simple, et qui pourtant n\u2019est jamais d\u00e9finitivement acquis. Il nous parle ici moins de nous que de Dieu. Il nous d\u00e9centre. Il dit que, si Dieu est celui qui nous donne et nous pr\u00eate vie, inutile de s\u2019agripper, de se crisper, de chercher \u00e0 conqu\u00e9rir ce qui est d\u00e9j\u00e0 l\u00e0, offert.<br>> Quel encouragement pour les personnes touch\u00e9es dans leur corps de savoir qu\u2019il y a l\u00e0 une couche de vie offerte qui transcende toutes les maladies, toutes les menaces qui p\u00e8sent sur la sant\u00e9\u2026<\/strong><\/p>\n","protected":false},"excerpt":{"rendered":"<p>\u00ab\u00a0N\u2019ayez pas peur, personne ne peut tuer la vie qui est en vous.\u00a0\u00bb Mt 10, 28 > L\u2019exhortation \u00e0 ne pas s\u2019inqui\u00e9ter ne ressemble pas \u00e0 une recette de coach spirituel permettant \u00e0 tout un chacun de trouver son \u00e9quilibre et d\u2019organiser son bonheur personnel ou de g\u00e9rer sainement sa vie familiale, celle de son association, de la communaut\u00e9 \u00e0 laquelle il appartient : vous savez, le fameux \u00ab l\u00e2cher-prise \u00bb gr\u00e2ce auquel tout irait mieux. On n\u2019est pas dans le registre du fitness mental.Mais alors que dit l\u2019\u00e9vangile ? Quelque chose de tr\u00e8s simple, et qui pourtant n\u2019est jamais d\u00e9finitivement acquis. Il nous parle ici moins de nous que \u2026 <a class=\"continue-reading-link\" href=\"https:\/\/levangilealecran.com\/?p=2802\"> Continue reading <span class=\"meta-nav\">&rarr; <\/span><\/a><\/p>\n","protected":false},"author":2005,"featured_media":0,"comment_status":"open","ping_status":"open","sticky":false,"template":"","format":"standard","meta":{"footnotes":""},"categories":[4,8],"tags":[],"class_list":["post-2802","post","type-post","status-publish","format-standard","hentry","category-dimanche","category-matthieu"],"_links":{"self":[{"href":"https:\/\/levangilealecran.com\/index.php?rest_route=\/wp\/v2\/posts\/2802","targetHints":{"allow":["GET"]}}],"collection":[{"href":"https:\/\/levangilealecran.com\/index.php?rest_route=\/wp\/v2\/posts"}],"about":[{"href":"https:\/\/levangilealecran.com\/index.php?rest_route=\/wp\/v2\/types\/post"}],"author":[{"embeddable":true,"href":"https:\/\/levangilealecran.com\/index.php?rest_route=\/wp\/v2\/users\/2005"}],"replies":[{"embeddable":true,"href":"https:\/\/levangilealecran.com\/index.php?rest_route=%2Fwp%2Fv2%2Fcomments&post=2802"}],"version-history":[{"count":1,"href":"https:\/\/levangilealecran.com\/index.php?rest_route=\/wp\/v2\/posts\/2802\/revisions"}],"predecessor-version":[{"id":2804,"href":"https:\/\/levangilealecran.com\/index.php?rest_route=\/wp\/v2\/posts\/2802\/revisions\/2804"}],"wp:attachment":[{"href":"https:\/\/levangilealecran.com\/index.php?rest_route=%2Fwp%2Fv2%2Fmedia&parent=2802"}],"wp:term":[{"taxonomy":"category","embeddable":true,"href":"https:\/\/levangilealecran.com\/index.php?rest_route=%2Fwp%2Fv2%2Fcategories&post=2802"},{"taxonomy":"post_tag","embeddable":true,"href":"https:\/\/levangilealecran.com\/index.php?rest_route=%2Fwp%2Fv2%2Ftags&post=2802"}],"curies":[{"name":"wp","href":"https:\/\/api.w.org\/{rel}","templated":true}]}}