{"id":2799,"date":"2023-06-16T08:00:00","date_gmt":"2023-06-16T06:00:00","guid":{"rendered":"https:\/\/levangilealecran.com\/?p=2799"},"modified":"2023-06-16T01:42:45","modified_gmt":"2023-06-15T23:42:45","slug":"11e-dimanche-du-temps-ordinaire-a-18-juin-2023","status":"publish","type":"post","link":"https:\/\/levangilealecran.com\/?p=2799","title":{"rendered":"11e dimanche du Temps ordinaire \u2013 A \u2013 18 juin 2023"},"content":{"rendered":"\n<blockquote class=\"wp-block-quote is-layout-flow wp-block-quote-is-layout-flow\"><p>\u00ab Priez donc le ma\u00eetre de la moisson d\u2019envoyer des ouvriers pour sa moisson. \u00bb<\/p><cite>(Matthieu 9, 38)<\/cite><\/blockquote>\n\n\n\n<figure class=\"wp-block-image size-full is-resized\"><a href=\"https:\/\/levangilealecran.com\/wp-content\/uploads\/2023\/06\/stencil.logo-large-1.png\"><img loading=\"lazy\" decoding=\"async\" src=\"https:\/\/levangilealecran.com\/wp-content\/uploads\/2023\/06\/stencil.logo-large-1.png\" alt=\"\" class=\"wp-image-2800\" width=\"600\" height=\"600\" srcset=\"https:\/\/levangilealecran.com\/wp-content\/uploads\/2023\/06\/stencil.logo-large-1.png 1200w, https:\/\/levangilealecran.com\/wp-content\/uploads\/2023\/06\/stencil.logo-large-1-300x300.png 300w, https:\/\/levangilealecran.com\/wp-content\/uploads\/2023\/06\/stencil.logo-large-1-1024x1024.png 1024w, https:\/\/levangilealecran.com\/wp-content\/uploads\/2023\/06\/stencil.logo-large-1-150x150.png 150w, https:\/\/levangilealecran.com\/wp-content\/uploads\/2023\/06\/stencil.logo-large-1-768x768.png 768w\" sizes=\"auto, (max-width: 600px) 100vw, 600px\" \/><\/a><\/figure>\n\n\n\n<p class=\"wp-block-paragraph\"><strong>> J\u00e9sus parcourt les villes et les villages pour enseigner, proclamer la bonne nouvelle du royaume des Cieux et gu\u00e9rir les malades. Il est touch\u00e9 par la d\u00e9tresse des foules qui sont comme des brebis sans berger. Il se tourne vers ses disciples et leur fait part de son constat : il y a tant \u00e0 faire, mais si peu de personnes pour le faire. Il leur sugg\u00e8re alors de prier Dieu, le ma\u00eetre de la moisson, pour qu\u2019il envoie des ouvriers pour sa moisson. Peut-\u00eatre que J\u00e9sus veut aussi les pr\u00e9parer \u00e0 leur future mission, quand il les enverra deux par deux dans les villages. Peut-\u00eatre qu\u2019il veut leur faire comprendre qu\u2019ils ont besoin de l\u2019aide de Dieu pour accomplir cette t\u00e2che.<br>> Cette semaine, prions le ma\u00eetre de la moisson d\u2019envoyer des ouvriers pour sa moisson. Prions pour que tous les jours des chr\u00e9tiens continuent \u00e0 se lever et \u00e0 se mettre en marche pour t\u00e9moigner du royaume des Cieux. Prions pour que nous soyons nous-m\u00eames des ouvriers fid\u00e8les et courageux, qui suivons l\u2019exemple de J\u00e9sus et qui partageons sa compassion pour les foules. Que le Seigneur nous b\u00e9nisse et nous donne son Esprit. Amen.<\/strong><\/p>\n","protected":false},"excerpt":{"rendered":"<p>\u00ab Priez donc le ma\u00eetre de la moisson d\u2019envoyer des ouvriers pour sa moisson. \u00bb (Matthieu 9, 38) > J\u00e9sus parcourt les villes et les villages pour enseigner, proclamer la bonne nouvelle du royaume des Cieux et gu\u00e9rir les malades. Il est touch\u00e9 par la d\u00e9tresse des foules qui sont comme des brebis sans berger. Il se tourne vers ses disciples et leur fait part de son constat : il y a tant \u00e0 faire, mais si peu de personnes pour le faire. Il leur sugg\u00e8re alors de prier Dieu, le ma\u00eetre de la moisson, pour qu\u2019il envoie des ouvriers pour sa moisson. Peut-\u00eatre que J\u00e9sus veut aussi les pr\u00e9parer \u2026 <a class=\"continue-reading-link\" href=\"https:\/\/levangilealecran.com\/?p=2799\"> Continue reading <span class=\"meta-nav\">&rarr; <\/span><\/a><\/p>\n","protected":false},"author":2005,"featured_media":0,"comment_status":"open","ping_status":"open","sticky":false,"template":"","format":"standard","meta":{"footnotes":""},"categories":[4,8],"tags":[],"class_list":["post-2799","post","type-post","status-publish","format-standard","hentry","category-dimanche","category-matthieu"],"_links":{"self":[{"href":"https:\/\/levangilealecran.com\/index.php?rest_route=\/wp\/v2\/posts\/2799","targetHints":{"allow":["GET"]}}],"collection":[{"href":"https:\/\/levangilealecran.com\/index.php?rest_route=\/wp\/v2\/posts"}],"about":[{"href":"https:\/\/levangilealecran.com\/index.php?rest_route=\/wp\/v2\/types\/post"}],"author":[{"embeddable":true,"href":"https:\/\/levangilealecran.com\/index.php?rest_route=\/wp\/v2\/users\/2005"}],"replies":[{"embeddable":true,"href":"https:\/\/levangilealecran.com\/index.php?rest_route=%2Fwp%2Fv2%2Fcomments&post=2799"}],"version-history":[{"count":1,"href":"https:\/\/levangilealecran.com\/index.php?rest_route=\/wp\/v2\/posts\/2799\/revisions"}],"predecessor-version":[{"id":2801,"href":"https:\/\/levangilealecran.com\/index.php?rest_route=\/wp\/v2\/posts\/2799\/revisions\/2801"}],"wp:attachment":[{"href":"https:\/\/levangilealecran.com\/index.php?rest_route=%2Fwp%2Fv2%2Fmedia&parent=2799"}],"wp:term":[{"taxonomy":"category","embeddable":true,"href":"https:\/\/levangilealecran.com\/index.php?rest_route=%2Fwp%2Fv2%2Fcategories&post=2799"},{"taxonomy":"post_tag","embeddable":true,"href":"https:\/\/levangilealecran.com\/index.php?rest_route=%2Fwp%2Fv2%2Ftags&post=2799"}],"curies":[{"name":"wp","href":"https:\/\/api.w.org\/{rel}","templated":true}]}}