{"id":2795,"date":"2023-06-09T08:00:00","date_gmt":"2023-06-09T06:00:00","guid":{"rendered":"https:\/\/levangilealecran.com\/?p=2795"},"modified":"2023-06-08T22:46:43","modified_gmt":"2023-06-08T20:46:43","slug":"dimanche-de-saint-sacrement-a-11-juin-2023","status":"publish","type":"post","link":"https:\/\/levangilealecran.com\/?p=2795","title":{"rendered":"Dimanche de Saint Sacrement \u2013 A \u2013 11 juin 2023"},"content":{"rendered":"\n<blockquote class=\"wp-block-quote is-layout-flow wp-block-quote-is-layout-flow\"><p>\u00ab Moi, je suis le pain vivant, qui est descendu du ciel : si quelqu\u2019un mange de ce pain, il vivra \u00e9ternellement. Le pain que je donnerai, c\u2019est ma chair, donn\u00e9e pour la vie du monde. \u00bb<\/p><cite>Jean 6,51<\/cite><\/blockquote>\n\n\n\n<figure class=\"wp-block-image size-large is-resized\"><a href=\"https:\/\/levangilealecran.com\/wp-content\/uploads\/2023\/06\/EALE-11-juin-2023.jpg\"><img loading=\"lazy\" decoding=\"async\" src=\"https:\/\/levangilealecran.com\/wp-content\/uploads\/2023\/06\/EALE-11-juin-2023-1024x684.jpg\" alt=\"\" class=\"wp-image-2796\" width=\"768\" height=\"513\" srcset=\"https:\/\/levangilealecran.com\/wp-content\/uploads\/2023\/06\/EALE-11-juin-2023-1024x684.jpg 1024w, https:\/\/levangilealecran.com\/wp-content\/uploads\/2023\/06\/EALE-11-juin-2023-300x200.jpg 300w, https:\/\/levangilealecran.com\/wp-content\/uploads\/2023\/06\/EALE-11-juin-2023-768x513.jpg 768w, https:\/\/levangilealecran.com\/wp-content\/uploads\/2023\/06\/EALE-11-juin-2023-150x100.jpg 150w, https:\/\/levangilealecran.com\/wp-content\/uploads\/2023\/06\/EALE-11-juin-2023-225x150.jpg 225w, https:\/\/levangilealecran.com\/wp-content\/uploads\/2023\/06\/EALE-11-juin-2023.jpg 1144w\" sizes=\"auto, (max-width: 768px) 100vw, 768px\" \/><\/a><\/figure>\n\n\n\n<p class=\"wp-block-paragraph\">> L\u00e0 o\u00f9 Paul, plus tard, dira que le pain rompu est COMMUNION au corps du Christ (1Co 10,16), J\u00e9sus lui-m\u00eame lorsqu\u2019il \u00e9voque ce pain dit clairement que ce pain, C\u2019EST sa chair. \u00c9trange, d\u00e8s lors, que dans nos d\u00e9bats \u0153cum\u00e9niques sur la question, nous ayons pu suivre Paul plut\u00f4t que J\u00e9sus et faire trop souvent encore de ce pain un pur symbole de ce qu\u2019il est REELLEMENT, \u00e0 en croire les paroles de J\u00e9sus lui-m\u00eame.<br>Chez nos fr\u00e8res et s\u0153urs catholiques, ce dimanche est l\u2019occasion d\u2019une grande f\u00eate, celle de ce signe des signes qu\u2019est le pain de vie.<br>> C\u2019est l\u2019occasion, quelle que soit notre confession et la couleur de la c\u00e9l\u00e9bration \u00e0 laquelle nous nous rendrons ce week-end, de faire un v\u00e9ritable acte de foi : \u00ab Ce pain, J\u00e9sus, c\u2019est ton corps. J\u2019y crois parce que tu nous l\u2019as dit. \u00bbL\u2019enjeu est de taille, et J\u00e9sus lui-m\u00eame le dit dans ce m\u00eame verset : manger de ce pain qui est son corps, c\u2019est obtenir la vie \u00e9ternelle.<\/p>\n","protected":false},"excerpt":{"rendered":"<p>\u00ab Moi, je suis le pain vivant, qui est descendu du ciel : si quelqu\u2019un mange de ce pain, il vivra \u00e9ternellement. Le pain que je donnerai, c\u2019est ma chair, donn\u00e9e pour la vie du monde. \u00bb Jean 6,51 > L\u00e0 o\u00f9 Paul, plus tard, dira que le pain rompu est COMMUNION au corps du Christ (1Co 10,16), J\u00e9sus lui-m\u00eame lorsqu\u2019il \u00e9voque ce pain dit clairement que ce pain, C\u2019EST sa chair. \u00c9trange, d\u00e8s lors, que dans nos d\u00e9bats \u0153cum\u00e9niques sur la question, nous ayons pu suivre Paul plut\u00f4t que J\u00e9sus et faire trop souvent encore de ce pain un pur symbole de ce qu\u2019il est REELLEMENT, \u00e0 en croire \u2026 <a class=\"continue-reading-link\" href=\"https:\/\/levangilealecran.com\/?p=2795\"> Continue reading <span class=\"meta-nav\">&rarr; <\/span><\/a><\/p>\n","protected":false},"author":2005,"featured_media":0,"comment_status":"open","ping_status":"open","sticky":false,"template":"","format":"standard","meta":{"footnotes":""},"categories":[24,5],"tags":[277],"class_list":["post-2795","post","type-post","status-publish","format-standard","hentry","category-fetes","category-jean","tag-pain-de-vie"],"_links":{"self":[{"href":"https:\/\/levangilealecran.com\/index.php?rest_route=\/wp\/v2\/posts\/2795","targetHints":{"allow":["GET"]}}],"collection":[{"href":"https:\/\/levangilealecran.com\/index.php?rest_route=\/wp\/v2\/posts"}],"about":[{"href":"https:\/\/levangilealecran.com\/index.php?rest_route=\/wp\/v2\/types\/post"}],"author":[{"embeddable":true,"href":"https:\/\/levangilealecran.com\/index.php?rest_route=\/wp\/v2\/users\/2005"}],"replies":[{"embeddable":true,"href":"https:\/\/levangilealecran.com\/index.php?rest_route=%2Fwp%2Fv2%2Fcomments&post=2795"}],"version-history":[{"count":1,"href":"https:\/\/levangilealecran.com\/index.php?rest_route=\/wp\/v2\/posts\/2795\/revisions"}],"predecessor-version":[{"id":2797,"href":"https:\/\/levangilealecran.com\/index.php?rest_route=\/wp\/v2\/posts\/2795\/revisions\/2797"}],"wp:attachment":[{"href":"https:\/\/levangilealecran.com\/index.php?rest_route=%2Fwp%2Fv2%2Fmedia&parent=2795"}],"wp:term":[{"taxonomy":"category","embeddable":true,"href":"https:\/\/levangilealecran.com\/index.php?rest_route=%2Fwp%2Fv2%2Fcategories&post=2795"},{"taxonomy":"post_tag","embeddable":true,"href":"https:\/\/levangilealecran.com\/index.php?rest_route=%2Fwp%2Fv2%2Ftags&post=2795"}],"curies":[{"name":"wp","href":"https:\/\/api.w.org\/{rel}","templated":true}]}}