{"id":2792,"date":"2023-06-02T08:00:00","date_gmt":"2023-06-02T06:00:00","guid":{"rendered":"https:\/\/levangilealecran.com\/?p=2792"},"modified":"2023-06-02T02:14:16","modified_gmt":"2023-06-02T00:14:16","slug":"dimanche-de-la-sainte-trinite-a-4-juin-2023","status":"publish","type":"post","link":"https:\/\/levangilealecran.com\/?p=2792","title":{"rendered":"Dimanche de la Sainte Trinit\u00e9 \u2013 A \u2013 4 juin 2023"},"content":{"rendered":"\n<blockquote class=\"wp-block-quote is-layout-flow wp-block-quote-is-layout-flow\"><p>\u00ab\u00a0Dieu a tant aim\u00e9 le monde qu&rsquo;il a donn\u00e9 son Fils unique, afin que quiconque croit en lui ne p\u00e9risse point, mais qu&rsquo;il ait la vie \u00e9ternelle.\u00a0\u00bb<\/p><cite>(Jean 3, 16)<\/cite><\/blockquote>\n\n\n\n<figure class=\"wp-block-image size-full is-resized\"><a href=\"https:\/\/levangilealecran.com\/wp-content\/uploads\/2023\/06\/stencil.logo-large.png\"><img loading=\"lazy\" decoding=\"async\" src=\"https:\/\/levangilealecran.com\/wp-content\/uploads\/2023\/06\/stencil.logo-large.png\" alt=\"\" class=\"wp-image-2793\" width=\"600\" height=\"600\" srcset=\"https:\/\/levangilealecran.com\/wp-content\/uploads\/2023\/06\/stencil.logo-large.png 1200w, https:\/\/levangilealecran.com\/wp-content\/uploads\/2023\/06\/stencil.logo-large-300x300.png 300w, https:\/\/levangilealecran.com\/wp-content\/uploads\/2023\/06\/stencil.logo-large-1024x1024.png 1024w, https:\/\/levangilealecran.com\/wp-content\/uploads\/2023\/06\/stencil.logo-large-150x150.png 150w, https:\/\/levangilealecran.com\/wp-content\/uploads\/2023\/06\/stencil.logo-large-768x768.png 768w\" sizes=\"auto, (max-width: 600px) 100vw, 600px\" \/><\/a><\/figure>\n\n\n\n<p class=\"wp-block-paragraph\"><strong>> P\u00c9RIR ? Selon le dictionnaire, p\u00e9rir c\u2019est mourir dans des circonstances dramatiques. N\u2019est-il pas dramatique de penser que la vie s\u2019ach\u00e8ve \u00e0 la mort, souvent de mani\u00e8re brutale et souffrante ? Telle n\u2019est pas la volont\u00e9 de Dieu. Il a pr\u00e9vu un plan de salut, c\u2019est-\u00e0-dire une mani\u00e8re d\u2019\u00e9chapper \u00e0 une mort certaine et d\u00e9finitive.Le salut ne consiste pas uniquement dans la d\u00e9livrance du p\u00e9ch\u00e9, ni dans la sanctification personnelle. Offert par Dieu, le salut est l\u2019enti\u00e8re d\u00e9livrance de moi-m\u00eame par l\u2019union totale avec Dieu. D\u00e9sir\u00e9e par Dieu, cette union ne se r\u00e9alise que gr\u00e2ce \u00e0 l\u2019Esprit de Dieu, cet autre Consolateur promis par J\u00e9sus. Le salut, c\u2019est entrer en contact avec Dieu Lui-m\u00eame, comme le souligne J\u00e9sus : c&rsquo;est qu&rsquo;ils te connaissent, toi, le seul vrai Dieu, et celui que tu as envoy\u00e9, J\u00e9sus-Christ.<\/strong><br><strong>> N&rsquo;ayons de cesser de pr\u00eacher J\u00e9sus ! Invitons encore et encore tout \u00eatre \u00e0 se laisser aimer par Dieu. Ne s\u2019est-il pas donn\u00e9 \u00e0 tous et pour tous en la personne de J\u00e9sus ?<\/strong><\/p>\n","protected":false},"excerpt":{"rendered":"<p>\u00ab\u00a0Dieu a tant aim\u00e9 le monde qu&rsquo;il a donn\u00e9 son Fils unique, afin que quiconque croit en lui ne p\u00e9risse point, mais qu&rsquo;il ait la vie \u00e9ternelle.\u00a0\u00bb (Jean 3, 16) > P\u00c9RIR ? Selon le dictionnaire, p\u00e9rir c\u2019est mourir dans des circonstances dramatiques. N\u2019est-il pas dramatique de penser que la vie s\u2019ach\u00e8ve \u00e0 la mort, souvent de mani\u00e8re brutale et souffrante ? Telle n\u2019est pas la volont\u00e9 de Dieu. Il a pr\u00e9vu un plan de salut, c\u2019est-\u00e0-dire une mani\u00e8re d\u2019\u00e9chapper \u00e0 une mort certaine et d\u00e9finitive.Le salut ne consiste pas uniquement dans la d\u00e9livrance du p\u00e9ch\u00e9, ni dans la sanctification personnelle. Offert par Dieu, le salut est l\u2019enti\u00e8re d\u00e9livrance de \u2026 <a class=\"continue-reading-link\" href=\"https:\/\/levangilealecran.com\/?p=2792\"> Continue reading <span class=\"meta-nav\">&rarr; <\/span><\/a><\/p>\n","protected":false},"author":2005,"featured_media":0,"comment_status":"open","ping_status":"open","sticky":false,"template":"","format":"standard","meta":{"footnotes":""},"categories":[4,24,5],"tags":[],"class_list":["post-2792","post","type-post","status-publish","format-standard","hentry","category-dimanche","category-fetes","category-jean"],"_links":{"self":[{"href":"https:\/\/levangilealecran.com\/index.php?rest_route=\/wp\/v2\/posts\/2792","targetHints":{"allow":["GET"]}}],"collection":[{"href":"https:\/\/levangilealecran.com\/index.php?rest_route=\/wp\/v2\/posts"}],"about":[{"href":"https:\/\/levangilealecran.com\/index.php?rest_route=\/wp\/v2\/types\/post"}],"author":[{"embeddable":true,"href":"https:\/\/levangilealecran.com\/index.php?rest_route=\/wp\/v2\/users\/2005"}],"replies":[{"embeddable":true,"href":"https:\/\/levangilealecran.com\/index.php?rest_route=%2Fwp%2Fv2%2Fcomments&post=2792"}],"version-history":[{"count":1,"href":"https:\/\/levangilealecran.com\/index.php?rest_route=\/wp\/v2\/posts\/2792\/revisions"}],"predecessor-version":[{"id":2794,"href":"https:\/\/levangilealecran.com\/index.php?rest_route=\/wp\/v2\/posts\/2792\/revisions\/2794"}],"wp:attachment":[{"href":"https:\/\/levangilealecran.com\/index.php?rest_route=%2Fwp%2Fv2%2Fmedia&parent=2792"}],"wp:term":[{"taxonomy":"category","embeddable":true,"href":"https:\/\/levangilealecran.com\/index.php?rest_route=%2Fwp%2Fv2%2Fcategories&post=2792"},{"taxonomy":"post_tag","embeddable":true,"href":"https:\/\/levangilealecran.com\/index.php?rest_route=%2Fwp%2Fv2%2Ftags&post=2792"}],"curies":[{"name":"wp","href":"https:\/\/api.w.org\/{rel}","templated":true}]}}