{"id":2786,"date":"2023-05-26T08:00:00","date_gmt":"2023-05-26T06:00:00","guid":{"rendered":"https:\/\/levangilealecran.com\/?p=2786"},"modified":"2023-05-24T11:31:55","modified_gmt":"2023-05-24T09:31:55","slug":"dimanche-de-pentecote-a-28-mai-2023","status":"publish","type":"post","link":"https:\/\/levangilealecran.com\/?p=2786","title":{"rendered":"Dimanche de Pentec\u00f4te &#8211; A &#8211; 28 mai 2023"},"content":{"rendered":"\n<blockquote class=\"wp-block-quote is-layout-flow wp-block-quote-is-layout-flow\"><p>\u00ab\u00a0J\u00e9sus souffla sur eux\u00a0\u00bb<\/p><cite>Jean 20,22<\/cite><\/blockquote>\n\n\n\n<figure class=\"wp-block-image size-full\"><a href=\"https:\/\/levangilealecran.com\/wp-content\/uploads\/2023\/05\/ImageEvEcr2023_05_28.jpg\"><img loading=\"lazy\" decoding=\"async\" width=\"600\" height=\"600\" src=\"https:\/\/levangilealecran.com\/wp-content\/uploads\/2023\/05\/ImageEvEcr2023_05_28.jpg\" alt=\"\" class=\"wp-image-2787\" srcset=\"https:\/\/levangilealecran.com\/wp-content\/uploads\/2023\/05\/ImageEvEcr2023_05_28.jpg 600w, https:\/\/levangilealecran.com\/wp-content\/uploads\/2023\/05\/ImageEvEcr2023_05_28-300x300.jpg 300w, https:\/\/levangilealecran.com\/wp-content\/uploads\/2023\/05\/ImageEvEcr2023_05_28-150x150.jpg 150w\" sizes=\"auto, (max-width: 600px) 100vw, 600px\" \/><\/a><\/figure>\n\n\n\n<p class=\"wp-block-paragraph\"><strong>> Dans son discours d\u2019adieu, J\u00e9sus avait promis l\u2019Esprit qui ne laisserait pas les disciples orphelins (Jean 14,16-18), voici la promesse d\u00e9sormais r\u00e9alis\u00e9e avec le don de l\u2019Esprit Saint. Au moment o\u00f9 les disciples deviennent ap\u00f4tres, et sont envoy\u00e9s en mission, l\u2019Esprit leur en donn\u00e9. Par un souffle.<\/strong><\/p>\n\n\n\n<p class=\"wp-block-paragraph\"><strong>> Rappelons-nous qu\u2019\u00e0 la cr\u00e9ation, Dieu a souffl\u00e9 dans les narines de l\u2019humain pour qu\u2019il devienne un \u00eatre vivant (Gen\u00e8se 2,7). Ici ce souffle donn\u00e9 par J\u00e9sus peut donc \u00eatre consid\u00e9r\u00e9 comme une nouvelle naissance. Un souffle, c\u2019est t\u00e9nu, quasi invisible, et pourtant cela change tout. Comme l\u2019Esprit Saint. Cela peut faire de nous des cr\u00e9atures nouvelles\u00a0!<\/strong><\/p>\n\n\n\n<p class=\"wp-block-paragraph\"><strong>> Ce dimanche, nous f\u00eatons le don de cet Esprit pour chaque femme, chaque homme qui le demande\u00a0:\u00a0<em>Viens Esprit Saint\u00a0!\u00a0<\/em>Viens habiter en nous\u00a0! Viens transformer nos vies. Viens faire de nous des cr\u00e9atures nouvelles, par la force de ton Esprit\u00a0! Et nous ouvrir, comme les ap\u00f4tres, au pardon et \u00e0 la r\u00e9conciliation (Jean 20,23).<\/strong><\/p>\n","protected":false},"excerpt":{"rendered":"<p>\u00ab\u00a0J\u00e9sus souffla sur eux\u00a0\u00bb Jean 20,22 > Dans son discours d\u2019adieu, J\u00e9sus avait promis l\u2019Esprit qui ne laisserait pas les disciples orphelins (Jean 14,16-18), voici la promesse d\u00e9sormais r\u00e9alis\u00e9e avec le don de l\u2019Esprit Saint. Au moment o\u00f9 les disciples deviennent ap\u00f4tres, et sont envoy\u00e9s en mission, l\u2019Esprit leur en donn\u00e9. Par un souffle. > Rappelons-nous qu\u2019\u00e0 la cr\u00e9ation, Dieu a souffl\u00e9 dans les narines de l\u2019humain pour qu\u2019il devienne un \u00eatre vivant (Gen\u00e8se 2,7). Ici ce souffle donn\u00e9 par J\u00e9sus peut donc \u00eatre consid\u00e9r\u00e9 comme une nouvelle naissance. Un souffle, c\u2019est t\u00e9nu, quasi invisible, et pourtant cela change tout. Comme l\u2019Esprit Saint. Cela peut faire de nous des cr\u00e9atures \u2026 <a class=\"continue-reading-link\" href=\"https:\/\/levangilealecran.com\/?p=2786\"> Continue reading <span class=\"meta-nav\">&rarr; <\/span><\/a><\/p>\n","protected":false},"author":2006,"featured_media":0,"comment_status":"open","ping_status":"open","sticky":false,"template":"","format":"standard","meta":{"footnotes":""},"categories":[4,24,5],"tags":[762,807,639],"class_list":["post-2786","post","type-post","status-publish","format-standard","hentry","category-dimanche","category-fetes","category-jean","tag-creation","tag-esprit-saint-2","tag-souffle"],"_links":{"self":[{"href":"https:\/\/levangilealecran.com\/index.php?rest_route=\/wp\/v2\/posts\/2786","targetHints":{"allow":["GET"]}}],"collection":[{"href":"https:\/\/levangilealecran.com\/index.php?rest_route=\/wp\/v2\/posts"}],"about":[{"href":"https:\/\/levangilealecran.com\/index.php?rest_route=\/wp\/v2\/types\/post"}],"author":[{"embeddable":true,"href":"https:\/\/levangilealecran.com\/index.php?rest_route=\/wp\/v2\/users\/2006"}],"replies":[{"embeddable":true,"href":"https:\/\/levangilealecran.com\/index.php?rest_route=%2Fwp%2Fv2%2Fcomments&post=2786"}],"version-history":[{"count":2,"href":"https:\/\/levangilealecran.com\/index.php?rest_route=\/wp\/v2\/posts\/2786\/revisions"}],"predecessor-version":[{"id":2789,"href":"https:\/\/levangilealecran.com\/index.php?rest_route=\/wp\/v2\/posts\/2786\/revisions\/2789"}],"wp:attachment":[{"href":"https:\/\/levangilealecran.com\/index.php?rest_route=%2Fwp%2Fv2%2Fmedia&parent=2786"}],"wp:term":[{"taxonomy":"category","embeddable":true,"href":"https:\/\/levangilealecran.com\/index.php?rest_route=%2Fwp%2Fv2%2Fcategories&post=2786"},{"taxonomy":"post_tag","embeddable":true,"href":"https:\/\/levangilealecran.com\/index.php?rest_route=%2Fwp%2Fv2%2Ftags&post=2786"}],"curies":[{"name":"wp","href":"https:\/\/api.w.org\/{rel}","templated":true}]}}