{"id":2782,"date":"2023-05-19T08:00:00","date_gmt":"2023-05-19T06:00:00","guid":{"rendered":"https:\/\/levangilealecran.com\/?p=2782"},"modified":"2023-05-16T16:21:31","modified_gmt":"2023-05-16T14:21:31","slug":"7e-dimanche-de-paques-a-21-mai-2023","status":"publish","type":"post","link":"https:\/\/levangilealecran.com\/?p=2782","title":{"rendered":"7e dimanche de P\u00e2ques \u2013 A \u2013 21 mai 2023"},"content":{"rendered":"\n<blockquote class=\"wp-block-quote is-layout-flow wp-block-quote-is-layout-flow\"><p>\u00ab Moi, je prie pour eux ; ce n\u2019est pas pour le monde que je prie, mais pour ceux que tu m\u2019as donn\u00e9s, car ils sont \u00e0 toi. \u00bb<\/p><cite>Jean 17, 9<\/cite><\/blockquote>\n\n\n\n<figure class=\"wp-block-image size-full is-resized\"><a href=\"https:\/\/levangilealecran.com\/wp-content\/uploads\/2023\/05\/stencil.logo-large.png\"><img loading=\"lazy\" decoding=\"async\" src=\"https:\/\/levangilealecran.com\/wp-content\/uploads\/2023\/05\/stencil.logo-large.png\" alt=\"\" class=\"wp-image-2783\" width=\"600\" height=\"600\" srcset=\"https:\/\/levangilealecran.com\/wp-content\/uploads\/2023\/05\/stencil.logo-large.png 1200w, https:\/\/levangilealecran.com\/wp-content\/uploads\/2023\/05\/stencil.logo-large-300x300.png 300w, https:\/\/levangilealecran.com\/wp-content\/uploads\/2023\/05\/stencil.logo-large-1024x1024.png 1024w, https:\/\/levangilealecran.com\/wp-content\/uploads\/2023\/05\/stencil.logo-large-150x150.png 150w, https:\/\/levangilealecran.com\/wp-content\/uploads\/2023\/05\/stencil.logo-large-768x768.png 768w\" sizes=\"auto, (max-width: 600px) 100vw, 600px\" \/><\/a><\/figure>\n\n\n\n<p class=\"wp-block-paragraph\"><strong>> Dans ce passage de l&rsquo;\u00c9vangile selon saint Jean, J\u00e9sus prie pour ses disciples et pour tous ceux qui croiront en lui. Il leur dit qu&rsquo;il prie pour eux et non pour le monde. Cela peut sembler paradoxal que Dieu ne prie pas pour le monde entier. Pourtant, il n&rsquo;oublie personne mais ce qu&rsquo;Il d\u00e9sire c&rsquo;est d&rsquo;avoir un lien personnel avec chacun de nous. J\u00e9sus nous conna\u00eet personnellement et interc\u00e8de pour nous aupr\u00e8s de son P\u00e8re.<\/strong><\/p>\n\n\n\n<p class=\"wp-block-paragraph\"><strong>> Cette semaine, rappelons-nous que J\u00e9sus \u00ab\u00a0nous a choisis\u00a0\u00bb et que nous l&rsquo;avons choisis en retour ! L&rsquo;Evangile de dimanche nous demande de \u00ab\u00a0conna\u00eetre Dieu et son Fils J\u00e9sus Christ\u00a0\u00bb. \u00ab\u00a0Conna\u00eetre\u00a0\u00bb au sens biblique n&rsquo;a rien d&rsquo;intellectuel, c&rsquo;est un engagement de tous son \u00eatre, toutes son \u00e2me, toute sa force\u2026 Il ne s&rsquo;agit pas simplement d&rsquo;avoir des connaissances sur lui, mais avoir une relation personnelle et intime avec lui. Soyez b\u00e9nis.<\/strong><\/p>\n","protected":false},"excerpt":{"rendered":"<p>\u00ab Moi, je prie pour eux ; ce n\u2019est pas pour le monde que je prie, mais pour ceux que tu m\u2019as donn\u00e9s, car ils sont \u00e0 toi. \u00bb Jean 17, 9 > Dans ce passage de l&rsquo;\u00c9vangile selon saint Jean, J\u00e9sus prie pour ses disciples et pour tous ceux qui croiront en lui. Il leur dit qu&rsquo;il prie pour eux et non pour le monde. Cela peut sembler paradoxal que Dieu ne prie pas pour le monde entier. Pourtant, il n&rsquo;oublie personne mais ce qu&rsquo;Il d\u00e9sire c&rsquo;est d&rsquo;avoir un lien personnel avec chacun de nous. J\u00e9sus nous conna\u00eet personnellement et interc\u00e8de pour nous aupr\u00e8s de son P\u00e8re. > Cette \u2026 <a class=\"continue-reading-link\" href=\"https:\/\/levangilealecran.com\/?p=2782\"> Continue reading <span class=\"meta-nav\">&rarr; <\/span><\/a><\/p>\n","protected":false},"author":2005,"featured_media":0,"comment_status":"open","ping_status":"open","sticky":false,"template":"","format":"standard","meta":{"footnotes":""},"categories":[4,5,74],"tags":[82],"class_list":["post-2782","post","type-post","status-publish","format-standard","hentry","category-dimanche","category-jean","category-temps-pascal","tag-connaitre"],"_links":{"self":[{"href":"https:\/\/levangilealecran.com\/index.php?rest_route=\/wp\/v2\/posts\/2782","targetHints":{"allow":["GET"]}}],"collection":[{"href":"https:\/\/levangilealecran.com\/index.php?rest_route=\/wp\/v2\/posts"}],"about":[{"href":"https:\/\/levangilealecran.com\/index.php?rest_route=\/wp\/v2\/types\/post"}],"author":[{"embeddable":true,"href":"https:\/\/levangilealecran.com\/index.php?rest_route=\/wp\/v2\/users\/2005"}],"replies":[{"embeddable":true,"href":"https:\/\/levangilealecran.com\/index.php?rest_route=%2Fwp%2Fv2%2Fcomments&post=2782"}],"version-history":[{"count":1,"href":"https:\/\/levangilealecran.com\/index.php?rest_route=\/wp\/v2\/posts\/2782\/revisions"}],"predecessor-version":[{"id":2784,"href":"https:\/\/levangilealecran.com\/index.php?rest_route=\/wp\/v2\/posts\/2782\/revisions\/2784"}],"wp:attachment":[{"href":"https:\/\/levangilealecran.com\/index.php?rest_route=%2Fwp%2Fv2%2Fmedia&parent=2782"}],"wp:term":[{"taxonomy":"category","embeddable":true,"href":"https:\/\/levangilealecran.com\/index.php?rest_route=%2Fwp%2Fv2%2Fcategories&post=2782"},{"taxonomy":"post_tag","embeddable":true,"href":"https:\/\/levangilealecran.com\/index.php?rest_route=%2Fwp%2Fv2%2Ftags&post=2782"}],"curies":[{"name":"wp","href":"https:\/\/api.w.org\/{rel}","templated":true}]}}