{"id":2777,"date":"2023-05-12T08:00:00","date_gmt":"2023-05-12T06:00:00","guid":{"rendered":"https:\/\/levangilealecran.com\/?p=2777"},"modified":"2023-05-11T17:08:52","modified_gmt":"2023-05-11T15:08:52","slug":"6e-dimanche-de-paques-a-14-mai-2023","status":"publish","type":"post","link":"https:\/\/levangilealecran.com\/?p=2777","title":{"rendered":"6e dimanche de P\u00e2ques \u2013 A \u2013 14 mai 2023"},"content":{"rendered":"\n<blockquote class=\"wp-block-quote is-layout-flow wp-block-quote-is-layout-flow\"><p>\u00ab Si quelqu&rsquo;un m&rsquo;aime, il gardera ma parole ; mon P\u00e8re l&rsquo;aimera, nous viendrons vers lui, et, chez lui, nous nous ferons une demeure \u00bb<\/p><cite>(Jean 14.23)<\/cite><\/blockquote>\n\n\n\n<figure class=\"wp-block-image size-full is-resized\"><a href=\"https:\/\/levangilealecran.com\/wp-content\/uploads\/2023\/05\/20230508_121343.jpg\"><img loading=\"lazy\" decoding=\"async\" src=\"https:\/\/levangilealecran.com\/wp-content\/uploads\/2023\/05\/20230508_121343-edited.jpg\" alt=\"\" class=\"wp-image-2779\" width=\"588\" height=\"940\" srcset=\"https:\/\/levangilealecran.com\/wp-content\/uploads\/2023\/05\/20230508_121343-edited.jpg 1409w, https:\/\/levangilealecran.com\/wp-content\/uploads\/2023\/05\/20230508_121343-edited-187x300.jpg 187w, https:\/\/levangilealecran.com\/wp-content\/uploads\/2023\/05\/20230508_121343-edited-640x1024.jpg 640w, https:\/\/levangilealecran.com\/wp-content\/uploads\/2023\/05\/20230508_121343-edited-768x1229.jpg 768w, https:\/\/levangilealecran.com\/wp-content\/uploads\/2023\/05\/20230508_121343-edited-960x1536.jpg 960w, https:\/\/levangilealecran.com\/wp-content\/uploads\/2023\/05\/20230508_121343-edited-1280x2048.jpg 1280w, https:\/\/levangilealecran.com\/wp-content\/uploads\/2023\/05\/20230508_121343-edited-94x150.jpg 94w, https:\/\/levangilealecran.com\/wp-content\/uploads\/2023\/05\/20230508_121343-edited-1320x2113.jpg 1320w\" sizes=\"auto, (max-width: 588px) 100vw, 588px\" \/><\/a><\/figure>\n\n\n\n<p class=\"wp-block-paragraph\"><strong>> Que l\u2019amour passe par la parole de qualit\u00e9 adress\u00e9e par quelqu\u2019un qui nous aime, nous le savons bien\u2026Il n\u2019y a qu\u2019\u00e0 se souvenir de toutes les fois o\u00f9 un \u00ab je t\u2019aime \u00bb nous fait tant de bien ! C\u2019est un des langages de l\u2019amour.J\u2019essaie de me souvenir de toutes les paroles qui m\u2019ont \u00e9t\u00e9 adress\u00e9es et qui ont compt\u00e9 pour moi : celles de ma grand-maman, celles de mon p\u00e8re\/de ma m\u00e8re, celles d\u2019amis chers qui m\u2019ont remise d\u2019aplomb quand j\u2019avais perdu le fil de mon histoire\u2026Et puis, comme cette dame \u00e2g\u00e9e me le rappelait l\u2019an pass\u00e9, je me souviens que certains versets ont aussi ce pouvoir incroyable de devenir le bien pr\u00e9cieux de nos vies : lorsqu\u2019ils clignotent devant nous lors d\u2019une lecture dans un moment particulier ou qu\u2019on les re\u00e7oit de la bouche d\u2019un c\u00e9l\u00e9brant\u2026 Comme le dit ce beau verset sur la custode en cuir que j\u2019ai achet\u00e9e pour ma Bible: \u00ab Garde intact, par l\u2019Esprit Saint qui habite en nous, le bien pr\u00e9cieux qui t\u2019a \u00e9t\u00e9 confi\u00e9. \u00bb (2Tim.1.14)<\/strong><br><strong>> Alors, quel verset revivifie le plus en toi l\u2019Amour du P\u00e8re et te rappelle qu\u2019Il veut se faire une demeure chez toi ?<\/strong><\/p>\n","protected":false},"excerpt":{"rendered":"<p>\u00ab Si quelqu&rsquo;un m&rsquo;aime, il gardera ma parole ; mon P\u00e8re l&rsquo;aimera, nous viendrons vers lui, et, chez lui, nous nous ferons une demeure \u00bb (Jean 14.23) > Que l\u2019amour passe par la parole de qualit\u00e9 adress\u00e9e par quelqu\u2019un qui nous aime, nous le savons bien\u2026Il n\u2019y a qu\u2019\u00e0 se souvenir de toutes les fois o\u00f9 un \u00ab je t\u2019aime \u00bb nous fait tant de bien ! C\u2019est un des langages de l\u2019amour.J\u2019essaie de me souvenir de toutes les paroles qui m\u2019ont \u00e9t\u00e9 adress\u00e9es et qui ont compt\u00e9 pour moi : celles de ma grand-maman, celles de mon p\u00e8re\/de ma m\u00e8re, celles d\u2019amis chers qui m\u2019ont remise d\u2019aplomb quand j\u2019avais \u2026 <a class=\"continue-reading-link\" href=\"https:\/\/levangilealecran.com\/?p=2777\"> Continue reading <span class=\"meta-nav\">&rarr; <\/span><\/a><\/p>\n","protected":false},"author":2005,"featured_media":0,"comment_status":"open","ping_status":"open","sticky":false,"template":"","format":"standard","meta":{"footnotes":""},"categories":[4,5],"tags":[],"class_list":["post-2777","post","type-post","status-publish","format-standard","hentry","category-dimanche","category-jean"],"_links":{"self":[{"href":"https:\/\/levangilealecran.com\/index.php?rest_route=\/wp\/v2\/posts\/2777","targetHints":{"allow":["GET"]}}],"collection":[{"href":"https:\/\/levangilealecran.com\/index.php?rest_route=\/wp\/v2\/posts"}],"about":[{"href":"https:\/\/levangilealecran.com\/index.php?rest_route=\/wp\/v2\/types\/post"}],"author":[{"embeddable":true,"href":"https:\/\/levangilealecran.com\/index.php?rest_route=\/wp\/v2\/users\/2005"}],"replies":[{"embeddable":true,"href":"https:\/\/levangilealecran.com\/index.php?rest_route=%2Fwp%2Fv2%2Fcomments&post=2777"}],"version-history":[{"count":1,"href":"https:\/\/levangilealecran.com\/index.php?rest_route=\/wp\/v2\/posts\/2777\/revisions"}],"predecessor-version":[{"id":2780,"href":"https:\/\/levangilealecran.com\/index.php?rest_route=\/wp\/v2\/posts\/2777\/revisions\/2780"}],"wp:attachment":[{"href":"https:\/\/levangilealecran.com\/index.php?rest_route=%2Fwp%2Fv2%2Fmedia&parent=2777"}],"wp:term":[{"taxonomy":"category","embeddable":true,"href":"https:\/\/levangilealecran.com\/index.php?rest_route=%2Fwp%2Fv2%2Fcategories&post=2777"},{"taxonomy":"post_tag","embeddable":true,"href":"https:\/\/levangilealecran.com\/index.php?rest_route=%2Fwp%2Fv2%2Ftags&post=2777"}],"curies":[{"name":"wp","href":"https:\/\/api.w.org\/{rel}","templated":true}]}}