{"id":2774,"date":"2023-05-05T08:00:00","date_gmt":"2023-05-05T06:00:00","guid":{"rendered":"https:\/\/levangilealecran.com\/?p=2774"},"modified":"2023-05-04T17:45:09","modified_gmt":"2023-05-04T15:45:09","slug":"5e-dimanche-de-paques-a-7-mai-2023","status":"publish","type":"post","link":"https:\/\/levangilealecran.com\/?p=2774","title":{"rendered":"5e dimanche de P\u00e2ques \u2013 A \u2013 7 mai 2023"},"content":{"rendered":"\n<blockquote class=\"wp-block-quote is-layout-flow wp-block-quote-is-layout-flow\"><p>\u00ab\u00a0Dans la maison de mon P\u00e8re, il y a de nombreuses demeures.\u00a0\u00bb<\/p><cite>Jn 14, 2<\/cite><\/blockquote>\n\n\n\n<figure class=\"wp-block-image size-full is-resized\"><a href=\"https:\/\/levangilealecran.com\/wp-content\/uploads\/2023\/05\/stencil.facebook-ad-carousel.png\"><img loading=\"lazy\" decoding=\"async\" src=\"https:\/\/levangilealecran.com\/wp-content\/uploads\/2023\/05\/stencil.facebook-ad-carousel.png\" alt=\"\" class=\"wp-image-2775\" width=\"600\" height=\"600\" srcset=\"https:\/\/levangilealecran.com\/wp-content\/uploads\/2023\/05\/stencil.facebook-ad-carousel.png 1200w, https:\/\/levangilealecran.com\/wp-content\/uploads\/2023\/05\/stencil.facebook-ad-carousel-300x300.png 300w, https:\/\/levangilealecran.com\/wp-content\/uploads\/2023\/05\/stencil.facebook-ad-carousel-1024x1024.png 1024w, https:\/\/levangilealecran.com\/wp-content\/uploads\/2023\/05\/stencil.facebook-ad-carousel-150x150.png 150w, https:\/\/levangilealecran.com\/wp-content\/uploads\/2023\/05\/stencil.facebook-ad-carousel-768x768.png 768w\" sizes=\"auto, (max-width: 600px) 100vw, 600px\" \/><\/a><\/figure>\n\n\n\n<p class=\"wp-block-paragraph\"><strong>> Donc, pas de crise des logements dans le royaume de Dieu. Il y a de la place pour tout le monde ; \u00e0 chacune, chacun sa demeure. Et, en plus, c\u2019est le Fils du propri\u00e9taire en personne, J\u00e9sus Christ, qui nous y introduira.<\/strong><br><strong>Prix et contrats de ces logements ? \u00ab Vous croyez en Dieu, croyez aussi en moi. \u00bb Voil\u00e0 qui est clair : Il ne s\u2019agit pas d\u2019\u00eatre <em>quelque part<\/em> mais <em>aupr\u00e8s <\/em>de quelqu\u2019un : avec le Fils dans le P\u00e8re : \u00ab afin que l\u00e0 o\u00f9 je suis, vous soyez vous aussi \u00bb. v. 3<br>> L\u2019espace du salut s\u2019ouvre \u00e0 nous qui avons travers\u00e9 avec J\u00e9sus les jours de sa Passion. Non seulement il se fait notre chemin vers le P\u00e8re, mais il reviendra vers nous avec le P\u00e8re (cf.Jn 14,23) et ils feront chez nous leur demeure : Ciel sur la terre, ciel en nos c\u0153urs.<\/strong><\/p>\n","protected":false},"excerpt":{"rendered":"<p>\u00ab\u00a0Dans la maison de mon P\u00e8re, il y a de nombreuses demeures.\u00a0\u00bb Jn 14, 2 > Donc, pas de crise des logements dans le royaume de Dieu. Il y a de la place pour tout le monde ; \u00e0 chacune, chacun sa demeure. Et, en plus, c\u2019est le Fils du propri\u00e9taire en personne, J\u00e9sus Christ, qui nous y introduira.Prix et contrats de ces logements ? \u00ab Vous croyez en Dieu, croyez aussi en moi. \u00bb Voil\u00e0 qui est clair : Il ne s\u2019agit pas d\u2019\u00eatre quelque part mais aupr\u00e8s de quelqu\u2019un : avec le Fils dans le P\u00e8re : \u00ab afin que l\u00e0 o\u00f9 je suis, vous soyez vous aussi \u2026 <a class=\"continue-reading-link\" href=\"https:\/\/levangilealecran.com\/?p=2774\"> Continue reading <span class=\"meta-nav\">&rarr; <\/span><\/a><\/p>\n","protected":false},"author":2005,"featured_media":0,"comment_status":"open","ping_status":"open","sticky":false,"template":"","format":"standard","meta":{"footnotes":""},"categories":[4,5,74],"tags":[337,269],"class_list":["post-2774","post","type-post","status-publish","format-standard","hentry","category-dimanche","category-jean","category-temps-pascal","tag-croire","tag-demeurer"],"_links":{"self":[{"href":"https:\/\/levangilealecran.com\/index.php?rest_route=\/wp\/v2\/posts\/2774","targetHints":{"allow":["GET"]}}],"collection":[{"href":"https:\/\/levangilealecran.com\/index.php?rest_route=\/wp\/v2\/posts"}],"about":[{"href":"https:\/\/levangilealecran.com\/index.php?rest_route=\/wp\/v2\/types\/post"}],"author":[{"embeddable":true,"href":"https:\/\/levangilealecran.com\/index.php?rest_route=\/wp\/v2\/users\/2005"}],"replies":[{"embeddable":true,"href":"https:\/\/levangilealecran.com\/index.php?rest_route=%2Fwp%2Fv2%2Fcomments&post=2774"}],"version-history":[{"count":1,"href":"https:\/\/levangilealecran.com\/index.php?rest_route=\/wp\/v2\/posts\/2774\/revisions"}],"predecessor-version":[{"id":2776,"href":"https:\/\/levangilealecran.com\/index.php?rest_route=\/wp\/v2\/posts\/2774\/revisions\/2776"}],"wp:attachment":[{"href":"https:\/\/levangilealecran.com\/index.php?rest_route=%2Fwp%2Fv2%2Fmedia&parent=2774"}],"wp:term":[{"taxonomy":"category","embeddable":true,"href":"https:\/\/levangilealecran.com\/index.php?rest_route=%2Fwp%2Fv2%2Fcategories&post=2774"},{"taxonomy":"post_tag","embeddable":true,"href":"https:\/\/levangilealecran.com\/index.php?rest_route=%2Fwp%2Fv2%2Ftags&post=2774"}],"curies":[{"name":"wp","href":"https:\/\/api.w.org\/{rel}","templated":true}]}}