{"id":2770,"date":"2023-04-28T08:00:00","date_gmt":"2023-04-28T06:00:00","guid":{"rendered":"https:\/\/levangilealecran.com\/?p=2770"},"modified":"2023-04-27T22:38:12","modified_gmt":"2023-04-27T20:38:12","slug":"4e-dimanche-de-paques-a-30-avril-2023","status":"publish","type":"post","link":"https:\/\/levangilealecran.com\/?p=2770","title":{"rendered":"4e dimanche de P\u00e2ques \u2013 A \u2013 30 avril 2023"},"content":{"rendered":"\n<blockquote class=\"wp-block-quote is-layout-flow wp-block-quote-is-layout-flow\"><p>\u00ab\u00a0Moi, je suis venu pour que les brebis aient la vie, la vie en abondance.\u00a0\u00bb<\/p><cite>(Jean 10,10)<\/cite><\/blockquote>\n\n\n\n<figure class=\"wp-block-image size-full is-resized\"><a href=\"https:\/\/levangilealecran.com\/wp-content\/uploads\/2023\/04\/EALE-30-avril-2023-Jean-10-10.jpg\"><img loading=\"lazy\" decoding=\"async\" src=\"https:\/\/levangilealecran.com\/wp-content\/uploads\/2023\/04\/EALE-30-avril-2023-Jean-10-10.jpg\" alt=\"\" class=\"wp-image-2771\" width=\"579\" height=\"388\" srcset=\"https:\/\/levangilealecran.com\/wp-content\/uploads\/2023\/04\/EALE-30-avril-2023-Jean-10-10.jpg 1157w, https:\/\/levangilealecran.com\/wp-content\/uploads\/2023\/04\/EALE-30-avril-2023-Jean-10-10-300x201.jpg 300w, https:\/\/levangilealecran.com\/wp-content\/uploads\/2023\/04\/EALE-30-avril-2023-Jean-10-10-1024x686.jpg 1024w, https:\/\/levangilealecran.com\/wp-content\/uploads\/2023\/04\/EALE-30-avril-2023-Jean-10-10-768x514.jpg 768w, https:\/\/levangilealecran.com\/wp-content\/uploads\/2023\/04\/EALE-30-avril-2023-Jean-10-10-150x100.jpg 150w, https:\/\/levangilealecran.com\/wp-content\/uploads\/2023\/04\/EALE-30-avril-2023-Jean-10-10-224x150.jpg 224w\" sizes=\"auto, (max-width: 579px) 100vw, 579px\" \/><\/a><\/figure>\n\n\n\n<p class=\"wp-block-paragraph\"><strong>> J\u00e9sus dit cette phrase aux Pharisiens apr\u00e8s leur avoir dit qu\u2019il \u00e9tait la porte et parce qu\u2019ils ne comprennent pas l\u2019image. Forc\u00e9ment, aux yeux des l\u00e9galistes, les portes sont faites pour \u00eatre ferm\u00e9es, verrouill\u00e9es \u00e0 double-tour, ou en tout cas gard\u00e9es et surveill\u00e9es.<br>J\u00e9sus est une porte de vie. Une porte toujours ouverte \u00e0 qui veut la passer, sans cl\u00e9, sans mot de passe, sans code. Il est accessible. Il promet non seulement la vie mais la vie <em>en abondance<\/em>. La porte est loin d\u2019\u00eatre entrouverte, elle est grande ouverte au contraire.<br>> Dans nos vies, ouvrons nos portes \u00e0 celles et ceux qui ont besoin d\u2019y entrer pour conna\u00eetre le Christ et son message. Et n\u2019h\u00e9sitons pas \u00e0 sortir pour inviter les autres \u00e0 entrer. Ce n\u2019est pas de l\u2019int\u00e9rieur qu\u2019on invite, c\u2019est en allant \u00e0 la rencontre des autres, dans leur vie, pour leur faire conna\u00eetre celui qui leur donnera la vie en abondance et qui tient sa porte toujours ouverte.<\/strong><\/p>\n","protected":false},"excerpt":{"rendered":"<p>\u00ab\u00a0Moi, je suis venu pour que les brebis aient la vie, la vie en abondance.\u00a0\u00bb (Jean 10,10) > J\u00e9sus dit cette phrase aux Pharisiens apr\u00e8s leur avoir dit qu\u2019il \u00e9tait la porte et parce qu\u2019ils ne comprennent pas l\u2019image. Forc\u00e9ment, aux yeux des l\u00e9galistes, les portes sont faites pour \u00eatre ferm\u00e9es, verrouill\u00e9es \u00e0 double-tour, ou en tout cas gard\u00e9es et surveill\u00e9es.J\u00e9sus est une porte de vie. Une porte toujours ouverte \u00e0 qui veut la passer, sans cl\u00e9, sans mot de passe, sans code. Il est accessible. Il promet non seulement la vie mais la vie en abondance. La porte est loin d\u2019\u00eatre entrouverte, elle est grande ouverte au contraire.> Dans \u2026 <a class=\"continue-reading-link\" href=\"https:\/\/levangilealecran.com\/?p=2770\"> Continue reading <span class=\"meta-nav\">&rarr; <\/span><\/a><\/p>\n","protected":false},"author":2005,"featured_media":0,"comment_status":"open","ping_status":"open","sticky":false,"template":"","format":"standard","meta":{"footnotes":""},"categories":[4,5,74],"tags":[],"class_list":["post-2770","post","type-post","status-publish","format-standard","hentry","category-dimanche","category-jean","category-temps-pascal"],"_links":{"self":[{"href":"https:\/\/levangilealecran.com\/index.php?rest_route=\/wp\/v2\/posts\/2770","targetHints":{"allow":["GET"]}}],"collection":[{"href":"https:\/\/levangilealecran.com\/index.php?rest_route=\/wp\/v2\/posts"}],"about":[{"href":"https:\/\/levangilealecran.com\/index.php?rest_route=\/wp\/v2\/types\/post"}],"author":[{"embeddable":true,"href":"https:\/\/levangilealecran.com\/index.php?rest_route=\/wp\/v2\/users\/2005"}],"replies":[{"embeddable":true,"href":"https:\/\/levangilealecran.com\/index.php?rest_route=%2Fwp%2Fv2%2Fcomments&post=2770"}],"version-history":[{"count":1,"href":"https:\/\/levangilealecran.com\/index.php?rest_route=\/wp\/v2\/posts\/2770\/revisions"}],"predecessor-version":[{"id":2772,"href":"https:\/\/levangilealecran.com\/index.php?rest_route=\/wp\/v2\/posts\/2770\/revisions\/2772"}],"wp:attachment":[{"href":"https:\/\/levangilealecran.com\/index.php?rest_route=%2Fwp%2Fv2%2Fmedia&parent=2770"}],"wp:term":[{"taxonomy":"category","embeddable":true,"href":"https:\/\/levangilealecran.com\/index.php?rest_route=%2Fwp%2Fv2%2Fcategories&post=2770"},{"taxonomy":"post_tag","embeddable":true,"href":"https:\/\/levangilealecran.com\/index.php?rest_route=%2Fwp%2Fv2%2Ftags&post=2770"}],"curies":[{"name":"wp","href":"https:\/\/api.w.org\/{rel}","templated":true}]}}