{"id":277,"date":"2013-03-27T08:52:05","date_gmt":"2013-03-27T07:52:05","guid":{"rendered":"http:\/\/levangilealecran.com?p=277"},"modified":"2013-03-27T08:52:05","modified_gmt":"2013-03-27T07:52:05","slug":"mercredi-saint-c","status":"publish","type":"post","link":"https:\/\/levangilealecran.com\/?p=277","title":{"rendered":"Mercredi Saint &#8211; C"},"content":{"rendered":"<p>\u00ab Profond\u00e9ment attrist\u00e9s, ils se mirent \u00e0 lui demander, l&rsquo;un apr\u00e8s l&rsquo;autre : \u201cSerait-ce moi, Seigneur ?\u201d \u00bb Mt 26, 22<\/p>\n<p><strong>&gt; C\u2019est nos p\u00e9ch\u00e9s \u00e0 tous qui l\u2019ont condamn\u00e9. A quelques jours de P\u00e2ques, si nous nous pr\u00e9parions \u00e0 accueillir encore plus le Christ en mettant un peu d\u2019ordre dans nos vies et dans nos c\u0153urs ?<\/strong><\/p>\n","protected":false},"excerpt":{"rendered":"<p>\u00ab Profond\u00e9ment attrist\u00e9s, ils se mirent \u00e0 lui demander, l&rsquo;un apr\u00e8s l&rsquo;autre : \u201cSerait-ce moi, Seigneur ?\u201d \u00bb Mt 26, 22 &gt; C\u2019est nos p\u00e9ch\u00e9s \u00e0 tous qui l\u2019ont condamn\u00e9. A quelques jours de P\u00e2ques, si nous nous pr\u00e9parions \u00e0 accueillir encore plus le Christ en mettant un peu d\u2019ordre dans nos vies et dans nos c\u0153urs ?<\/p>\n","protected":false},"author":1,"featured_media":0,"comment_status":"open","ping_status":"open","sticky":false,"template":"","format":"standard","meta":{"footnotes":""},"categories":[44,8],"tags":[66,27,433,65],"class_list":["post-277","post","type-post","status-publish","format-standard","hentry","category-careme","category-matthieu","tag-accueillir","tag-coeur","tag-matthieu","tag-ordre"],"_links":{"self":[{"href":"https:\/\/levangilealecran.com\/index.php?rest_route=\/wp\/v2\/posts\/277","targetHints":{"allow":["GET"]}}],"collection":[{"href":"https:\/\/levangilealecran.com\/index.php?rest_route=\/wp\/v2\/posts"}],"about":[{"href":"https:\/\/levangilealecran.com\/index.php?rest_route=\/wp\/v2\/types\/post"}],"author":[{"embeddable":true,"href":"https:\/\/levangilealecran.com\/index.php?rest_route=\/wp\/v2\/users\/1"}],"replies":[{"embeddable":true,"href":"https:\/\/levangilealecran.com\/index.php?rest_route=%2Fwp%2Fv2%2Fcomments&post=277"}],"version-history":[{"count":1,"href":"https:\/\/levangilealecran.com\/index.php?rest_route=\/wp\/v2\/posts\/277\/revisions"}],"predecessor-version":[{"id":278,"href":"https:\/\/levangilealecran.com\/index.php?rest_route=\/wp\/v2\/posts\/277\/revisions\/278"}],"wp:attachment":[{"href":"https:\/\/levangilealecran.com\/index.php?rest_route=%2Fwp%2Fv2%2Fmedia&parent=277"}],"wp:term":[{"taxonomy":"category","embeddable":true,"href":"https:\/\/levangilealecran.com\/index.php?rest_route=%2Fwp%2Fv2%2Fcategories&post=277"},{"taxonomy":"post_tag","embeddable":true,"href":"https:\/\/levangilealecran.com\/index.php?rest_route=%2Fwp%2Fv2%2Ftags&post=277"}],"curies":[{"name":"wp","href":"https:\/\/api.w.org\/{rel}","templated":true}]}}