{"id":2761,"date":"2023-04-14T08:00:00","date_gmt":"2023-04-14T06:00:00","guid":{"rendered":"https:\/\/levangilealecran.com\/?p=2761"},"modified":"2023-04-04T15:44:36","modified_gmt":"2023-04-04T13:44:36","slug":"2e-dimanche-de-paques-a-16-avril-2023","status":"publish","type":"post","link":"https:\/\/levangilealecran.com\/?p=2761","title":{"rendered":"2e dimanche de P\u00e2ques \u2013 A \u2013 16 avril 2023"},"content":{"rendered":"\n<blockquote class=\"wp-block-quote is-layout-flow wp-block-quote-is-layout-flow\"><p>\u00ab&nbsp;La paix soit avec vous&nbsp;!&nbsp;\u00bb<\/p><cite>Jean 20, 19.21<\/cite><\/blockquote>\n\n\n\n<figure class=\"wp-block-image size-full\"><a href=\"https:\/\/levangilealecran.com\/wp-content\/uploads\/2023\/04\/ImageEvEcr2023_04_16b.jpg\"><img loading=\"lazy\" decoding=\"async\" width=\"600\" height=\"600\" src=\"https:\/\/levangilealecran.com\/wp-content\/uploads\/2023\/04\/ImageEvEcr2023_04_16b.jpg\" alt=\"\" class=\"wp-image-2764\" srcset=\"https:\/\/levangilealecran.com\/wp-content\/uploads\/2023\/04\/ImageEvEcr2023_04_16b.jpg 600w, https:\/\/levangilealecran.com\/wp-content\/uploads\/2023\/04\/ImageEvEcr2023_04_16b-300x300.jpg 300w, https:\/\/levangilealecran.com\/wp-content\/uploads\/2023\/04\/ImageEvEcr2023_04_16b-150x150.jpg 150w\" sizes=\"auto, (max-width: 600px) 100vw, 600px\" \/><\/a><\/figure>\n\n\n\n<p class=\"wp-block-paragraph\"><strong>&gt; Commune dans le juda\u00efsme, cette salutation est prononc\u00e9e deux fois par le Christ ressuscit\u00e9. Cette r\u00e9p\u00e9tition montre qu\u2019il ne s\u2019agit pas juste d\u2019une formule de politesse, mais d\u2019une annonce importante: le Ressuscit\u00e9 vient apporter la paix, le \u00ab&nbsp;shalom&nbsp;\u00bb, \u00e0 tous ses disciples. Le \u00ab&nbsp;shalom&nbsp;\u00bb, c\u2019est bien plus que le mot fran\u00e7ais \u00ab&nbsp;paix&nbsp;\u00bb. Des d\u00e9riv\u00e9s de ce terme recouvrent notamment: enti\u00e8ret\u00e9, ach\u00e8vement, bien-\u00eatre, pl\u00e9nitude, int\u00e9grit\u00e9, sant\u00e9, s\u00e9curit\u00e9, tranquillit\u00e9, prosp\u00e9rit\u00e9, harmonie. Le \u00ab&nbsp;shalom&nbsp;\u00bb, c\u2019est une b\u00e9n\u00e9diction pour les destinataires ainsi qu\u2019un souhait pour des relations justes dans la communaut\u00e9.&nbsp;<\/strong><\/p>\n\n\n\n<p class=\"wp-block-paragraph\"><strong>Ainsi, avec ces mots, le Ressuscit\u00e9 indique deux choses importantes. Premi\u00e8rement, c\u2019est dans la pr\u00e9sence de J\u00e9sus que nous pouvons trouver la source et la r\u00e9alit\u00e9 de la paix profonde, comme J\u00e9sus l\u2019avait dit lors de son discours d\u2019adieu: \u00ab&nbsp;<em>je vous laisse ma paix, je vous donne ma paix<\/em>&nbsp;\u00bb&nbsp;(Jean 14,27). Deuxi\u00e8mement, cette paix ne conduit pas les disciples \u00e0 un contentement b\u00e9at, mais elle est conduit \u00e0 un envoi en mission: \u00ab&nbsp;<em>De m\u00eame que le P\u00e8re m\u2019a envoy\u00e9, moi aussi, je vous envoie.&nbsp;<\/em>\u00bb (Jean 20,21b) Une paix donc \u00e0 construire et \u00e0 annoncer largement dans le monde, gr\u00e2ce \u00e0 l\u2019action de l\u2019Esprit Saint donn\u00e9.<\/strong><\/p>\n\n\n\n<p class=\"wp-block-paragraph\"><strong>Cette semaine, que pourrons-nous faire pour apporter du \u00ab&nbsp;shalom&nbsp;\u00bb dans notre communaut\u00e9 humaine&nbsp;? A qui et comment l\u2019annoncer&nbsp;?&nbsp;<\/strong><\/p>\n\n\n\n<p class=\"wp-block-paragraph\"><strong>Pour cette mission d\u2019aujourd\u2019hui<br>Dans notre monde qui en a bien besoin<br>La paix du Ressuscit\u00e9 soit avec nous.<\/strong><\/p>\n","protected":false},"excerpt":{"rendered":"<p>\u00ab&nbsp;La paix soit avec vous&nbsp;!&nbsp;\u00bb Jean 20, 19.21 &gt; Commune dans le juda\u00efsme, cette salutation est prononc\u00e9e deux fois par le Christ ressuscit\u00e9. Cette r\u00e9p\u00e9tition montre qu\u2019il ne s\u2019agit pas juste d\u2019une formule de politesse, mais d\u2019une annonce importante: le Ressuscit\u00e9 vient apporter la paix, le \u00ab&nbsp;shalom&nbsp;\u00bb, \u00e0 tous ses disciples. Le \u00ab&nbsp;shalom&nbsp;\u00bb, c\u2019est bien plus que le mot fran\u00e7ais \u00ab&nbsp;paix&nbsp;\u00bb. Des d\u00e9riv\u00e9s de ce terme recouvrent notamment: enti\u00e8ret\u00e9, ach\u00e8vement, bien-\u00eatre, pl\u00e9nitude, int\u00e9grit\u00e9, sant\u00e9, s\u00e9curit\u00e9, tranquillit\u00e9, prosp\u00e9rit\u00e9, harmonie. Le \u00ab&nbsp;shalom&nbsp;\u00bb, c\u2019est une b\u00e9n\u00e9diction pour les destinataires ainsi qu\u2019un souhait pour des relations justes dans la communaut\u00e9.&nbsp; Ainsi, avec ces mots, le Ressuscit\u00e9 indique deux choses importantes. Premi\u00e8rement, c\u2019est dans la \u2026 <a class=\"continue-reading-link\" href=\"https:\/\/levangilealecran.com\/?p=2761\"> Continue reading <span class=\"meta-nav\">&rarr; <\/span><\/a><\/p>\n","protected":false},"author":2006,"featured_media":0,"comment_status":"open","ping_status":"open","sticky":false,"template":"","format":"standard","meta":{"footnotes":""},"categories":[4,5,74],"tags":[407,19,514],"class_list":["post-2761","post","type-post","status-publish","format-standard","hentry","category-dimanche","category-jean","category-temps-pascal","tag-envoi","tag-paix","tag-ressuscite"],"_links":{"self":[{"href":"https:\/\/levangilealecran.com\/index.php?rest_route=\/wp\/v2\/posts\/2761","targetHints":{"allow":["GET"]}}],"collection":[{"href":"https:\/\/levangilealecran.com\/index.php?rest_route=\/wp\/v2\/posts"}],"about":[{"href":"https:\/\/levangilealecran.com\/index.php?rest_route=\/wp\/v2\/types\/post"}],"author":[{"embeddable":true,"href":"https:\/\/levangilealecran.com\/index.php?rest_route=\/wp\/v2\/users\/2006"}],"replies":[{"embeddable":true,"href":"https:\/\/levangilealecran.com\/index.php?rest_route=%2Fwp%2Fv2%2Fcomments&post=2761"}],"version-history":[{"count":2,"href":"https:\/\/levangilealecran.com\/index.php?rest_route=\/wp\/v2\/posts\/2761\/revisions"}],"predecessor-version":[{"id":2765,"href":"https:\/\/levangilealecran.com\/index.php?rest_route=\/wp\/v2\/posts\/2761\/revisions\/2765"}],"wp:attachment":[{"href":"https:\/\/levangilealecran.com\/index.php?rest_route=%2Fwp%2Fv2%2Fmedia&parent=2761"}],"wp:term":[{"taxonomy":"category","embeddable":true,"href":"https:\/\/levangilealecran.com\/index.php?rest_route=%2Fwp%2Fv2%2Fcategories&post=2761"},{"taxonomy":"post_tag","embeddable":true,"href":"https:\/\/levangilealecran.com\/index.php?rest_route=%2Fwp%2Fv2%2Ftags&post=2761"}],"curies":[{"name":"wp","href":"https:\/\/api.w.org\/{rel}","templated":true}]}}