{"id":2751,"date":"2023-03-31T08:00:00","date_gmt":"2023-03-31T06:00:00","guid":{"rendered":"https:\/\/levangilealecran.com\/?p=2751"},"modified":"2023-03-31T00:28:24","modified_gmt":"2023-03-30T22:28:24","slug":"dimanche-des-rameaux-et-de-la-passion-du-seigneur-a-2-avril-2023","status":"publish","type":"post","link":"https:\/\/levangilealecran.com\/?p=2751","title":{"rendered":"Dimanche des Rameaux et de la Passion du Seigneur \u2014 A \u2014 2 avril 2023"},"content":{"rendered":"\n<blockquote class=\"wp-block-quote is-layout-flow wp-block-quote-is-layout-flow\"><p>\u00ab Cette nuit, je serai pour vous tous une occasion de chute ; car il est \u00e9crit : Je frapperai le berger, et les brebis du troupeau seront dispers\u00e9es. Mais, une fois ressuscit\u00e9, je vous pr\u00e9c\u00e9derai en Galil\u00e9e. \u00bb<\/p><cite>Matthieu 26.31<\/cite><\/blockquote>\n\n\n\n<figure class=\"wp-block-image size-large is-resized\"><a href=\"https:\/\/levangilealecran.com\/wp-content\/uploads\/2023\/03\/Mathis_Gothart_Grunewald_058.jpg\"><img loading=\"lazy\" decoding=\"async\" src=\"https:\/\/levangilealecran.com\/wp-content\/uploads\/2023\/03\/Mathis_Gothart_Grunewald_058-794x1024.jpg\" alt=\"\" class=\"wp-image-2752\" width=\"397\" height=\"512\" srcset=\"https:\/\/levangilealecran.com\/wp-content\/uploads\/2023\/03\/Mathis_Gothart_Grunewald_058-794x1024.jpg 794w, https:\/\/levangilealecran.com\/wp-content\/uploads\/2023\/03\/Mathis_Gothart_Grunewald_058-233x300.jpg 233w, https:\/\/levangilealecran.com\/wp-content\/uploads\/2023\/03\/Mathis_Gothart_Grunewald_058-768x991.jpg 768w, https:\/\/levangilealecran.com\/wp-content\/uploads\/2023\/03\/Mathis_Gothart_Grunewald_058-116x150.jpg 116w, https:\/\/levangilealecran.com\/wp-content\/uploads\/2023\/03\/Mathis_Gothart_Grunewald_058.jpg 930w\" sizes=\"auto, (max-width: 397px) 100vw, 397px\" \/><\/a><figcaption>(retable de Tauberbischofsheim du peintre Mathis Gothart-Nithart)<\/figcaption><\/figure>\n\n\n\n<p class=\"wp-block-paragraph\"><strong>> Voil\u00e0 le programme\u2026 Mes yeux se fixent une fois encore sur cette croix qui est notre horizon pour la semaine sainte \u00e0 venir (avant la R\u00e9surrection!). Comme il serait simple d&rsquo;en faire l&rsquo;\u00e9conomie! J\u00e9sus est mort, Il est ressuscit\u00e9, y a pas de myst\u00e8re l\u00e0-dedans\u2026 Mais non: il a souffert, de longues heures, et la croix ploie encore aujourd&rsquo;hui sous le poids de cette souffrance que le monde porte en miroir, occasion de chute m\u00eame deux mille ans apr\u00e8s. Comme j&rsquo;aimerais zapper ces instants de douleur, les tiens, les miens, ceux de ceux que j&rsquo;accompagne!<br>> Mais Tu me redis: \u00ab\u00a0j&rsquo;ai pass\u00e9 par l\u00e0\u2026 Pour te tracer la voie, pour te pr\u00e9c\u00e9der en Galil\u00e9e, pays d&rsquo;esp\u00e9rance et de relecture de ton histoire, mais pas comme un charlatan \u00e0 bon march\u00e9 qui te ferait croire que la gu\u00e9rison et la renaissance d\u00e9pendent d&rsquo;un claquement de doigts. Non&#8230;j&rsquo;ai pass\u00e9 par l\u00e0 comme un fr\u00e8re en humanit\u00e9 de tous ceux qui souffrent.\u00a0\u00bb Merci Seigneur pour cette r\u00e9ponse de chair \u00e0 nos nombreux \u00ab\u00a0Pourquoi?\u00a0\u00bb<\/strong><\/p>\n","protected":false},"excerpt":{"rendered":"<p>\u00ab Cette nuit, je serai pour vous tous une occasion de chute ; car il est \u00e9crit : Je frapperai le berger, et les brebis du troupeau seront dispers\u00e9es. Mais, une fois ressuscit\u00e9, je vous pr\u00e9c\u00e9derai en Galil\u00e9e. \u00bb Matthieu 26.31 > Voil\u00e0 le programme\u2026 Mes yeux se fixent une fois encore sur cette croix qui est notre horizon pour la semaine sainte \u00e0 venir (avant la R\u00e9surrection!). Comme il serait simple d&rsquo;en faire l&rsquo;\u00e9conomie! J\u00e9sus est mort, Il est ressuscit\u00e9, y a pas de myst\u00e8re l\u00e0-dedans\u2026 Mais non: il a souffert, de longues heures, et la croix ploie encore aujourd&rsquo;hui sous le poids de cette souffrance que le monde \u2026 <a class=\"continue-reading-link\" href=\"https:\/\/levangilealecran.com\/?p=2751\"> Continue reading <span class=\"meta-nav\">&rarr; <\/span><\/a><\/p>\n","protected":false},"author":2005,"featured_media":0,"comment_status":"open","ping_status":"open","sticky":false,"template":"","format":"standard","meta":{"footnotes":""},"categories":[44,24,8,74],"tags":[],"class_list":["post-2751","post","type-post","status-publish","format-standard","hentry","category-careme","category-fetes","category-matthieu","category-temps-pascal"],"_links":{"self":[{"href":"https:\/\/levangilealecran.com\/index.php?rest_route=\/wp\/v2\/posts\/2751","targetHints":{"allow":["GET"]}}],"collection":[{"href":"https:\/\/levangilealecran.com\/index.php?rest_route=\/wp\/v2\/posts"}],"about":[{"href":"https:\/\/levangilealecran.com\/index.php?rest_route=\/wp\/v2\/types\/post"}],"author":[{"embeddable":true,"href":"https:\/\/levangilealecran.com\/index.php?rest_route=\/wp\/v2\/users\/2005"}],"replies":[{"embeddable":true,"href":"https:\/\/levangilealecran.com\/index.php?rest_route=%2Fwp%2Fv2%2Fcomments&post=2751"}],"version-history":[{"count":1,"href":"https:\/\/levangilealecran.com\/index.php?rest_route=\/wp\/v2\/posts\/2751\/revisions"}],"predecessor-version":[{"id":2753,"href":"https:\/\/levangilealecran.com\/index.php?rest_route=\/wp\/v2\/posts\/2751\/revisions\/2753"}],"wp:attachment":[{"href":"https:\/\/levangilealecran.com\/index.php?rest_route=%2Fwp%2Fv2%2Fmedia&parent=2751"}],"wp:term":[{"taxonomy":"category","embeddable":true,"href":"https:\/\/levangilealecran.com\/index.php?rest_route=%2Fwp%2Fv2%2Fcategories&post=2751"},{"taxonomy":"post_tag","embeddable":true,"href":"https:\/\/levangilealecran.com\/index.php?rest_route=%2Fwp%2Fv2%2Ftags&post=2751"}],"curies":[{"name":"wp","href":"https:\/\/api.w.org\/{rel}","templated":true}]}}