{"id":275,"date":"2013-03-26T07:59:56","date_gmt":"2013-03-26T06:59:56","guid":{"rendered":"http:\/\/levangilealecran.com?p=275"},"modified":"2013-03-26T07:59:56","modified_gmt":"2013-03-26T06:59:56","slug":"mardi-saint-c","status":"publish","type":"post","link":"https:\/\/levangilealecran.com\/?p=275","title":{"rendered":"Mardi Saint &#8211; C"},"content":{"rendered":"<p style=\"text-align: justify;\">\u00a0\u00bb A l&rsquo;heure o\u00f9 J\u00e9sus passait de ce monde \u00e0 son P\u00e8re, au cours du repas qu&rsquo;il prenait avec ses disciples il fut boulevers\u00e9 au plus profond de lui-m\u00eame, et il attesta: \u00ab\u00a0Amen, amen, je vous le dit: l&rsquo;un de vous me livrera.\u00a0\u00bb Jean 13,21<\/p>\n<p style=\"text-align: justify;\"><strong>&gt; Jean nous montre un J\u00e9sus boulevers\u00e9, un J\u00e9sus qui se laisse toucher. Et nous aujourd&rsquo;hui que ressentons-nous par rapport \u00e0 ce J\u00e9sus qui se fait si proche de nous et qui va vivre sous peu sa passion?<\/strong><\/p>\n","protected":false},"excerpt":{"rendered":"<p>\u00a0\u00bb A l&rsquo;heure o\u00f9 J\u00e9sus passait de ce monde \u00e0 son P\u00e8re, au cours du repas qu&rsquo;il prenait avec ses disciples il fut boulevers\u00e9 au plus profond de lui-m\u00eame, et il attesta: \u00ab\u00a0Amen, amen, je vous le dit: l&rsquo;un de vous me livrera.\u00a0\u00bb Jean 13,21 &gt; Jean nous montre un J\u00e9sus boulevers\u00e9, un J\u00e9sus qui se laisse toucher. Et nous aujourd&rsquo;hui que ressentons-nous par rapport \u00e0 ce J\u00e9sus qui se fait si proche de nous et qui va vivre sous peu sa passion?<\/p>\n","protected":false},"author":1,"featured_media":0,"comment_status":"open","ping_status":"open","sticky":false,"template":"","format":"standard","meta":{"footnotes":""},"categories":[44,5],"tags":[64,430,63],"class_list":["post-275","post","type-post","status-publish","format-standard","hentry","category-careme","category-jean","tag-emotion","tag-jean","tag-passion"],"_links":{"self":[{"href":"https:\/\/levangilealecran.com\/index.php?rest_route=\/wp\/v2\/posts\/275","targetHints":{"allow":["GET"]}}],"collection":[{"href":"https:\/\/levangilealecran.com\/index.php?rest_route=\/wp\/v2\/posts"}],"about":[{"href":"https:\/\/levangilealecran.com\/index.php?rest_route=\/wp\/v2\/types\/post"}],"author":[{"embeddable":true,"href":"https:\/\/levangilealecran.com\/index.php?rest_route=\/wp\/v2\/users\/1"}],"replies":[{"embeddable":true,"href":"https:\/\/levangilealecran.com\/index.php?rest_route=%2Fwp%2Fv2%2Fcomments&post=275"}],"version-history":[{"count":1,"href":"https:\/\/levangilealecran.com\/index.php?rest_route=\/wp\/v2\/posts\/275\/revisions"}],"predecessor-version":[{"id":276,"href":"https:\/\/levangilealecran.com\/index.php?rest_route=\/wp\/v2\/posts\/275\/revisions\/276"}],"wp:attachment":[{"href":"https:\/\/levangilealecran.com\/index.php?rest_route=%2Fwp%2Fv2%2Fmedia&parent=275"}],"wp:term":[{"taxonomy":"category","embeddable":true,"href":"https:\/\/levangilealecran.com\/index.php?rest_route=%2Fwp%2Fv2%2Fcategories&post=275"},{"taxonomy":"post_tag","embeddable":true,"href":"https:\/\/levangilealecran.com\/index.php?rest_route=%2Fwp%2Fv2%2Ftags&post=275"}],"curies":[{"name":"wp","href":"https:\/\/api.w.org\/{rel}","templated":true}]}}