{"id":2748,"date":"2023-03-24T08:00:00","date_gmt":"2023-03-24T07:00:00","guid":{"rendered":"https:\/\/levangilealecran.com\/?p=2748"},"modified":"2023-03-23T17:50:53","modified_gmt":"2023-03-23T16:50:53","slug":"5e-dimanche-de-careme-a-26-mars-2023","status":"publish","type":"post","link":"https:\/\/levangilealecran.com\/?p=2748","title":{"rendered":"5e Dimanche de Car\u00eame \u2014 A \u2014 26 mars 2023"},"content":{"rendered":"\n<blockquote class=\"wp-block-quote is-layout-flow wp-block-quote-is-layout-flow\"><p> Il cria d\u2019une voix forte : \u00ab Lazare, viens dehors ! \u00bb<\/p><cite>(Jn 11,1-45 )<\/cite><\/blockquote>\n\n\n\n<figure class=\"wp-block-image size-full is-resized is-style-default\"><a href=\"https:\/\/levangilealecran.com\/wp-content\/uploads\/2023\/03\/viens-dehors.jpg\"><img loading=\"lazy\" decoding=\"async\" src=\"https:\/\/levangilealecran.com\/wp-content\/uploads\/2023\/03\/viens-dehors.jpg\" alt=\"\" class=\"wp-image-2749\" width=\"825\" height=\"633\" srcset=\"https:\/\/levangilealecran.com\/wp-content\/uploads\/2023\/03\/viens-dehors.jpg 1907w, https:\/\/levangilealecran.com\/wp-content\/uploads\/2023\/03\/viens-dehors-300x230.jpg 300w, https:\/\/levangilealecran.com\/wp-content\/uploads\/2023\/03\/viens-dehors-1024x785.jpg 1024w, https:\/\/levangilealecran.com\/wp-content\/uploads\/2023\/03\/viens-dehors-768x589.jpg 768w, https:\/\/levangilealecran.com\/wp-content\/uploads\/2023\/03\/viens-dehors-1536x1178.jpg 1536w, https:\/\/levangilealecran.com\/wp-content\/uploads\/2023\/03\/viens-dehors-150x115.jpg 150w, https:\/\/levangilealecran.com\/wp-content\/uploads\/2023\/03\/viens-dehors-196x150.jpg 196w, https:\/\/levangilealecran.com\/wp-content\/uploads\/2023\/03\/viens-dehors-1320x1012.jpg 1320w\" sizes=\"auto, (max-width: 825px) 100vw, 825px\" \/><\/a><\/figure>\n\n\n\n<p class=\"wp-block-paragraph\"><strong>> Au cours de ce long r\u00e9cit, nous voyons J\u00e9sus, en son humanit\u00e9 la plus profonde, confront\u00e9 \u00e0 la mort d\u2019un ami, au deuil de personnes ch\u00e8res. Arriv\u00e9 devant le tombeau de Lazare, une grotte ferm\u00e9e par une pierre, il pleure. \u00ab Voyez, comme il l\u2019aimait \u00bb, disent les gens. Et J\u00e9sus fait enlever la pierre. Priant son P\u00e8re, le remerciant d\u2019\u00eatre exauc\u00e9, il lance son cri : \u00ab Lazare, viens dehors ! \u00bb Quand, le matin de P\u00e2ques, les femmes viendront visiter son tombeau, elles trouveront la pierre d\u00e9j\u00e0 roul\u00e9e. La voix d\u2019un Autre aura fait sortir le Fils bienaim\u00e9 de son caveau o\u00f9 l\u2019on ne trouvera plus que les bandelettes roul\u00e9es \u00e0 part.<\/strong><br><strong>> Deux r\u00e9cits, deux niveaux : que l\u2019un et l\u2019autre intensifie notre foi en Dieu, Source de vie ; que dans nos heures les plus sombres, nous entendions la voix forte du Christ qui nous invite \u00e0 choisir la vie !<\/strong><\/p>\n","protected":false},"excerpt":{"rendered":"<p>Il cria d\u2019une voix forte : \u00ab Lazare, viens dehors ! \u00bb (Jn 11,1-45 ) > Au cours de ce long r\u00e9cit, nous voyons J\u00e9sus, en son humanit\u00e9 la plus profonde, confront\u00e9 \u00e0 la mort d\u2019un ami, au deuil de personnes ch\u00e8res. Arriv\u00e9 devant le tombeau de Lazare, une grotte ferm\u00e9e par une pierre, il pleure. \u00ab Voyez, comme il l\u2019aimait \u00bb, disent les gens. Et J\u00e9sus fait enlever la pierre. Priant son P\u00e8re, le remerciant d\u2019\u00eatre exauc\u00e9, il lance son cri : \u00ab Lazare, viens dehors ! \u00bb Quand, le matin de P\u00e2ques, les femmes viendront visiter son tombeau, elles trouveront la pierre d\u00e9j\u00e0 roul\u00e9e. La voix d\u2019un Autre \u2026 <a class=\"continue-reading-link\" href=\"https:\/\/levangilealecran.com\/?p=2748\"> Continue reading <span class=\"meta-nav\">&rarr; <\/span><\/a><\/p>\n","protected":false},"author":2005,"featured_media":0,"comment_status":"open","ping_status":"open","sticky":false,"template":"","format":"standard","meta":{"footnotes":""},"categories":[44,5],"tags":[76,52],"class_list":["post-2748","post","type-post","status-publish","format-standard","hentry","category-careme","category-jean","tag-foi","tag-vie"],"_links":{"self":[{"href":"https:\/\/levangilealecran.com\/index.php?rest_route=\/wp\/v2\/posts\/2748","targetHints":{"allow":["GET"]}}],"collection":[{"href":"https:\/\/levangilealecran.com\/index.php?rest_route=\/wp\/v2\/posts"}],"about":[{"href":"https:\/\/levangilealecran.com\/index.php?rest_route=\/wp\/v2\/types\/post"}],"author":[{"embeddable":true,"href":"https:\/\/levangilealecran.com\/index.php?rest_route=\/wp\/v2\/users\/2005"}],"replies":[{"embeddable":true,"href":"https:\/\/levangilealecran.com\/index.php?rest_route=%2Fwp%2Fv2%2Fcomments&post=2748"}],"version-history":[{"count":1,"href":"https:\/\/levangilealecran.com\/index.php?rest_route=\/wp\/v2\/posts\/2748\/revisions"}],"predecessor-version":[{"id":2750,"href":"https:\/\/levangilealecran.com\/index.php?rest_route=\/wp\/v2\/posts\/2748\/revisions\/2750"}],"wp:attachment":[{"href":"https:\/\/levangilealecran.com\/index.php?rest_route=%2Fwp%2Fv2%2Fmedia&parent=2748"}],"wp:term":[{"taxonomy":"category","embeddable":true,"href":"https:\/\/levangilealecran.com\/index.php?rest_route=%2Fwp%2Fv2%2Fcategories&post=2748"},{"taxonomy":"post_tag","embeddable":true,"href":"https:\/\/levangilealecran.com\/index.php?rest_route=%2Fwp%2Fv2%2Ftags&post=2748"}],"curies":[{"name":"wp","href":"https:\/\/api.w.org\/{rel}","templated":true}]}}