{"id":2743,"date":"2023-03-17T08:00:00","date_gmt":"2023-03-17T07:00:00","guid":{"rendered":"https:\/\/levangilealecran.com\/?p=2743"},"modified":"2023-03-17T10:03:17","modified_gmt":"2023-03-17T09:03:17","slug":"4e-dimanche-de-careme-a-19-mars-2023","status":"publish","type":"post","link":"https:\/\/levangilealecran.com\/?p=2743","title":{"rendered":"4e Dimanche de Car\u00eame \u2014 A \u2014 19 mars 2023"},"content":{"rendered":"\n<blockquote class=\"wp-block-quote is-layout-flow wp-block-quote-is-layout-flow\"><p>\u00ab Les uns disaient : \u00ab C\u2019est lui. \u00bb Les autres disaient : \u00ab Pas du tout, c\u2019est quelqu\u2019un qui lui ressemble. \u00bbMais lui disait : \u00ab C\u2019est bien moi. \u00bb<\/p><cite>Jn 9,9<\/cite><\/blockquote>\n\n\n\n<figure class=\"wp-block-image size-large is-resized\"><a href=\"https:\/\/levangilealecran.com\/wp-content\/uploads\/2023\/03\/EALE-19-mars-2023-Jean-9-9.jpg\"><img loading=\"lazy\" decoding=\"async\" src=\"https:\/\/levangilealecran.com\/wp-content\/uploads\/2023\/03\/EALE-19-mars-2023-Jean-9-9-1024x723.jpg\" alt=\"\" class=\"wp-image-2744\" width=\"768\" height=\"542\" srcset=\"https:\/\/levangilealecran.com\/wp-content\/uploads\/2023\/03\/EALE-19-mars-2023-Jean-9-9-1024x723.jpg 1024w, https:\/\/levangilealecran.com\/wp-content\/uploads\/2023\/03\/EALE-19-mars-2023-Jean-9-9-300x212.jpg 300w, https:\/\/levangilealecran.com\/wp-content\/uploads\/2023\/03\/EALE-19-mars-2023-Jean-9-9-768x542.jpg 768w, https:\/\/levangilealecran.com\/wp-content\/uploads\/2023\/03\/EALE-19-mars-2023-Jean-9-9-1536x1084.jpg 1536w, https:\/\/levangilealecran.com\/wp-content\/uploads\/2023\/03\/EALE-19-mars-2023-Jean-9-9-150x106.jpg 150w, https:\/\/levangilealecran.com\/wp-content\/uploads\/2023\/03\/EALE-19-mars-2023-Jean-9-9-212x150.jpg 212w, https:\/\/levangilealecran.com\/wp-content\/uploads\/2023\/03\/EALE-19-mars-2023-Jean-9-9-1320x932.jpg 1320w, https:\/\/levangilealecran.com\/wp-content\/uploads\/2023\/03\/EALE-19-mars-2023-Jean-9-9.jpg 1735w\" sizes=\"auto, (max-width: 768px) 100vw, 768px\" \/><\/a><\/figure>\n\n\n\n<p class=\"wp-block-paragraph\"><strong>> L\u2019aveugle de naissance, gu\u00e9ri par J\u00e9sus, provoque des r\u00e9actions contrast\u00e9es. Les uns le reconnaissent, les autres non. Formidable humour de l\u2019Evangile : l\u2019ancien aveugle voit bien, et ce sont les autres qui ont la vue brouill\u00e9e sur son passage !C\u2019est dans ce m\u00eame passage, juste avant la gu\u00e9rison de l\u2019aveugle, que J\u00e9sus dit de lui-m\u00eame qu\u2019il est la lumi\u00e8re du monde. Ceux qui voient les choses \u00e0 travers la lumi\u00e8re qu\u2019est J\u00e9sus reconnaissent l\u2019ancien aveugle et croient au signe. Ceux qui refusent le miracle refusent que J\u00e9sus soit lumi\u00e8re du monde. Ils ne reconnaissent pas l\u2019aveugle puisqu\u2019ils s\u2019enfoncent dans les t\u00e9n\u00e8bres de leur propre jugement.<br>> A nous de regarder le monde \u00e0 travers la lumi\u00e8re qu\u2019est J\u00e9sus. Comme un vitrail aux mille couleurs, nous risquons de le voir plus beau qu\u2019il n\u2019est en r\u00e9alit\u00e9, quand la lumi\u00e8re ne le traverse pas. Quelle importance : nous le contemplons tel que Dieu le r\u00eave. Et c\u2019est un bel id\u00e9al que cette vision.<\/strong><\/p>\n","protected":false},"excerpt":{"rendered":"<p>\u00ab Les uns disaient : \u00ab C\u2019est lui. \u00bb Les autres disaient : \u00ab Pas du tout, c\u2019est quelqu\u2019un qui lui ressemble. \u00bbMais lui disait : \u00ab C\u2019est bien moi. \u00bb Jn 9,9 > L\u2019aveugle de naissance, gu\u00e9ri par J\u00e9sus, provoque des r\u00e9actions contrast\u00e9es. Les uns le reconnaissent, les autres non. Formidable humour de l\u2019Evangile : l\u2019ancien aveugle voit bien, et ce sont les autres qui ont la vue brouill\u00e9e sur son passage !C\u2019est dans ce m\u00eame passage, juste avant la gu\u00e9rison de l\u2019aveugle, que J\u00e9sus dit de lui-m\u00eame qu\u2019il est la lumi\u00e8re du monde. Ceux qui voient les choses \u00e0 travers la lumi\u00e8re qu\u2019est J\u00e9sus reconnaissent l\u2019ancien aveugle et \u2026 <a class=\"continue-reading-link\" href=\"https:\/\/levangilealecran.com\/?p=2743\"> Continue reading <span class=\"meta-nav\">&rarr; <\/span><\/a><\/p>\n","protected":false},"author":2005,"featured_media":0,"comment_status":"open","ping_status":"open","sticky":false,"template":"","format":"standard","meta":{"footnotes":""},"categories":[44,4,5],"tags":[],"class_list":["post-2743","post","type-post","status-publish","format-standard","hentry","category-careme","category-dimanche","category-jean"],"_links":{"self":[{"href":"https:\/\/levangilealecran.com\/index.php?rest_route=\/wp\/v2\/posts\/2743","targetHints":{"allow":["GET"]}}],"collection":[{"href":"https:\/\/levangilealecran.com\/index.php?rest_route=\/wp\/v2\/posts"}],"about":[{"href":"https:\/\/levangilealecran.com\/index.php?rest_route=\/wp\/v2\/types\/post"}],"author":[{"embeddable":true,"href":"https:\/\/levangilealecran.com\/index.php?rest_route=\/wp\/v2\/users\/2005"}],"replies":[{"embeddable":true,"href":"https:\/\/levangilealecran.com\/index.php?rest_route=%2Fwp%2Fv2%2Fcomments&post=2743"}],"version-history":[{"count":2,"href":"https:\/\/levangilealecran.com\/index.php?rest_route=\/wp\/v2\/posts\/2743\/revisions"}],"predecessor-version":[{"id":2746,"href":"https:\/\/levangilealecran.com\/index.php?rest_route=\/wp\/v2\/posts\/2743\/revisions\/2746"}],"wp:attachment":[{"href":"https:\/\/levangilealecran.com\/index.php?rest_route=%2Fwp%2Fv2%2Fmedia&parent=2743"}],"wp:term":[{"taxonomy":"category","embeddable":true,"href":"https:\/\/levangilealecran.com\/index.php?rest_route=%2Fwp%2Fv2%2Fcategories&post=2743"},{"taxonomy":"post_tag","embeddable":true,"href":"https:\/\/levangilealecran.com\/index.php?rest_route=%2Fwp%2Fv2%2Ftags&post=2743"}],"curies":[{"name":"wp","href":"https:\/\/api.w.org\/{rel}","templated":true}]}}