{"id":2739,"date":"2023-03-10T08:00:00","date_gmt":"2023-03-10T07:00:00","guid":{"rendered":"https:\/\/levangilealecran.com\/?p=2739"},"modified":"2023-03-10T09:54:03","modified_gmt":"2023-03-10T08:54:03","slug":"3e-dimanche-de-careme-a-12-mars-2023","status":"publish","type":"post","link":"https:\/\/levangilealecran.com\/?p=2739","title":{"rendered":"3e Dimanche de Car\u00eame \u2014 A \u2014 12 mars 2023"},"content":{"rendered":"\n<blockquote class=\"wp-block-quote is-layout-flow wp-block-quote-is-layout-flow\"><p>\u00ab\u00a0En ce temps-l\u00e0, J\u00e9sus arriva \u00e0 une ville de Samarie, appel\u00e9e Sichar, pr\u00e8s du terrain que Jacob avait donn\u00e9 \u00e0 son fils Joseph. L\u00e0 se trouvait le puits de Jacob.\u00a0\u00bb<\/p><cite>(Jean 4, 5)<\/cite><\/blockquote>\n\n\n\n<p class=\"wp-block-paragraph\"><strong>ET LE LIEU ALORS ? <\/strong><\/p>\n\n\n\n<figure class=\"wp-block-image size-full is-resized\"><a href=\"https:\/\/levangilealecran.com\/wp-content\/uploads\/2023\/03\/20230312_Jn45.png\"><img loading=\"lazy\" decoding=\"async\" src=\"https:\/\/levangilealecran.com\/wp-content\/uploads\/2023\/03\/20230312_Jn45.png\" alt=\"\" class=\"wp-image-2740\" width=\"600\" height=\"600\" srcset=\"https:\/\/levangilealecran.com\/wp-content\/uploads\/2023\/03\/20230312_Jn45.png 1200w, https:\/\/levangilealecran.com\/wp-content\/uploads\/2023\/03\/20230312_Jn45-300x300.png 300w, https:\/\/levangilealecran.com\/wp-content\/uploads\/2023\/03\/20230312_Jn45-1024x1024.png 1024w, https:\/\/levangilealecran.com\/wp-content\/uploads\/2023\/03\/20230312_Jn45-150x150.png 150w, https:\/\/levangilealecran.com\/wp-content\/uploads\/2023\/03\/20230312_Jn45-768x768.png 768w\" sizes=\"auto, (max-width: 600px) 100vw, 600px\" \/><\/a><\/figure>\n\n\n\n<p class=\"wp-block-paragraph\"><strong>> Si je vous indique le titre souvent donn\u00e9 \u00e0 ce passage de l&rsquo;\u00c9vangile : <em>\u00ab\u00a0la samaritaine\u00a0\u00bb<\/em>, d\u00e9j\u00e0 vous connaissez l\u2019histoire et les deux principaux acteurs : J\u00e9sus et une femme. Pourtant, cette histoire commence par \u00eatre situ\u00e9e dans un lieu. L\u2019histoire n\u2019aurait-elle pas pu se d\u00e9rouler \u00e0 proximit\u00e9 de m\u2019importe quel puits ? Pourquoi l\u2019\u00e9vang\u00e9liste est-il si pr\u00e9cis ? Ne serait-ce pas parce que nous pourrions en tirer un enseignement ?Les Juifs donnaient par moquerie le nom de Sichar (qui signifie \u00ab\u00a0<em>l\u2019ivrognerie<\/em>\u00a0\u00bb en h\u00e9breu\u2026) \u00e0 la ville de Sichem. Samaritains et Juifs ne faisaient pas bon m\u00e9nage. A l\u2019\u00e9poque de J\u00e9sus, Sichem est une ville en territoire ennemi. Pourtant, cette ville fut l\u2019endroit o\u00f9 Abraham, Jacob, Joseph ont v\u00e9cu des \u00e9pisodes de leur vie. Des meurtres y furent commis et elle est devenue une ville refuge pour les meurtriers. L\u2019arri\u00e8re-plan de la belle rencontre entre J\u00e9sus et la samaritaine ne montrerait-il pas qu\u2019au-del\u00e0 de notre histoire personnelle, J\u00e9sus vient r\u00e9parer nos histoires de famille ? J\u00e9sus recadre nos relations avec le pass\u00e9 et, alors que nous croyons d\u00e9tenir une part de la v\u00e9rit\u00e9, Il nous rappelle que la v\u00e9rit\u00e9 c\u2019est Lui.<br>> En ce jour et en ce lieu o\u00f9 nous sommes, centrons nos regards sur le Bon Berger, Il est Celui qui gu\u00e9rit.<\/strong><\/p>\n","protected":false},"excerpt":{"rendered":"<p>\u00ab\u00a0En ce temps-l\u00e0, J\u00e9sus arriva \u00e0 une ville de Samarie, appel\u00e9e Sichar, pr\u00e8s du terrain que Jacob avait donn\u00e9 \u00e0 son fils Joseph. L\u00e0 se trouvait le puits de Jacob.\u00a0\u00bb (Jean 4, 5) ET LE LIEU ALORS ? > Si je vous indique le titre souvent donn\u00e9 \u00e0 ce passage de l&rsquo;\u00c9vangile : \u00ab\u00a0la samaritaine\u00a0\u00bb, d\u00e9j\u00e0 vous connaissez l\u2019histoire et les deux principaux acteurs : J\u00e9sus et une femme. Pourtant, cette histoire commence par \u00eatre situ\u00e9e dans un lieu. L\u2019histoire n\u2019aurait-elle pas pu se d\u00e9rouler \u00e0 proximit\u00e9 de m\u2019importe quel puits ? Pourquoi l\u2019\u00e9vang\u00e9liste est-il si pr\u00e9cis ? Ne serait-ce pas parce que nous pourrions en tirer un enseignement ?Les \u2026 <a class=\"continue-reading-link\" href=\"https:\/\/levangilealecran.com\/?p=2739\"> Continue reading <span class=\"meta-nav\">&rarr; <\/span><\/a><\/p>\n","protected":false},"author":2005,"featured_media":0,"comment_status":"open","ping_status":"open","sticky":false,"template":"","format":"standard","meta":{"footnotes":""},"categories":[1],"tags":[],"class_list":["post-2739","post","type-post","status-publish","format-standard","hentry","category-sanscategorie"],"_links":{"self":[{"href":"https:\/\/levangilealecran.com\/index.php?rest_route=\/wp\/v2\/posts\/2739","targetHints":{"allow":["GET"]}}],"collection":[{"href":"https:\/\/levangilealecran.com\/index.php?rest_route=\/wp\/v2\/posts"}],"about":[{"href":"https:\/\/levangilealecran.com\/index.php?rest_route=\/wp\/v2\/types\/post"}],"author":[{"embeddable":true,"href":"https:\/\/levangilealecran.com\/index.php?rest_route=\/wp\/v2\/users\/2005"}],"replies":[{"embeddable":true,"href":"https:\/\/levangilealecran.com\/index.php?rest_route=%2Fwp%2Fv2%2Fcomments&post=2739"}],"version-history":[{"count":2,"href":"https:\/\/levangilealecran.com\/index.php?rest_route=\/wp\/v2\/posts\/2739\/revisions"}],"predecessor-version":[{"id":2742,"href":"https:\/\/levangilealecran.com\/index.php?rest_route=\/wp\/v2\/posts\/2739\/revisions\/2742"}],"wp:attachment":[{"href":"https:\/\/levangilealecran.com\/index.php?rest_route=%2Fwp%2Fv2%2Fmedia&parent=2739"}],"wp:term":[{"taxonomy":"category","embeddable":true,"href":"https:\/\/levangilealecran.com\/index.php?rest_route=%2Fwp%2Fv2%2Fcategories&post=2739"},{"taxonomy":"post_tag","embeddable":true,"href":"https:\/\/levangilealecran.com\/index.php?rest_route=%2Fwp%2Fv2%2Ftags&post=2739"}],"curies":[{"name":"wp","href":"https:\/\/api.w.org\/{rel}","templated":true}]}}