{"id":2735,"date":"2023-03-03T08:00:00","date_gmt":"2023-03-03T07:00:00","guid":{"rendered":"https:\/\/levangilealecran.com\/?p=2735"},"modified":"2023-02-24T10:17:41","modified_gmt":"2023-02-24T09:17:41","slug":"2e-dimanche-de-careme-a-5-mars-2023","status":"publish","type":"post","link":"https:\/\/levangilealecran.com\/?p=2735","title":{"rendered":"2e Dimanche de Car\u00eame \u2014 A \u2014 5 mars 2023"},"content":{"rendered":"\n<blockquote class=\"wp-block-quote is-layout-flow wp-block-quote-is-layout-flow\"><p>\u00ab Celui-ci est mon Fils bien-aim\u00e9, en qui je trouve ma joie\u00a0: \u00e9coutez-le\u00a0! \u00bb<\/p><cite>Mt 17,5<\/cite><\/blockquote>\n\n\n\n<figure class=\"wp-block-image size-full\"><a href=\"https:\/\/levangilealecran.com\/wp-content\/uploads\/2023\/02\/ImageEvEcr2023_03_03.jpg\"><img loading=\"lazy\" decoding=\"async\" width=\"600\" height=\"600\" src=\"https:\/\/levangilealecran.com\/wp-content\/uploads\/2023\/02\/ImageEvEcr2023_03_03.jpg\" alt=\"\" class=\"wp-image-2736\" srcset=\"https:\/\/levangilealecran.com\/wp-content\/uploads\/2023\/02\/ImageEvEcr2023_03_03.jpg 600w, https:\/\/levangilealecran.com\/wp-content\/uploads\/2023\/02\/ImageEvEcr2023_03_03-300x300.jpg 300w, https:\/\/levangilealecran.com\/wp-content\/uploads\/2023\/02\/ImageEvEcr2023_03_03-150x150.jpg 150w\" sizes=\"auto, (max-width: 600px) 100vw, 600px\" \/><\/a><\/figure>\n\n\n\n<p class=\"wp-block-paragraph\"><strong>> Dans ce r\u00e9cit de la Transfiguration, Dieu se r\u00e9v\u00e8le. Par ces signes extraordinaires et myst\u00e9rieux que sont\u00a0la transfiguration du visage et des v\u00eatements de J\u00e9sus, l\u2019apparition de Mo\u00efse et Elie, et enfin la nu\u00e9e, Dieu se donne myst\u00e9rieusement \u00e0 voir. Il\u00a0s&rsquo;offre \u00e0 la contemplation de ses disciples \u00ab pr\u00e9f\u00e9r\u00e9s \u00bb. Mais c&rsquo;est de fa\u00e7on fugitive et \u00e9ph\u00e9m\u00e8re.\u00a0<\/strong><\/p>\n\n\n\n<p class=\"wp-block-paragraph\"><strong>> Car le message que Dieu veut nous r\u00e9v\u00e9ler ne se voit pas. Il s\u2019\u00e9coute. \u00ab Celui-ci est mon Fils, celui que j\u2019ai choisi. \u00c9coutez-le. \u00bb La voix qui retentit dans la nu\u00e9e (autre manifestation de la pr\u00e9sence de la pr\u00e9sence de Dieu) dit exactement la m\u00eame chose que celle qui avait \u00e9t\u00e9 entendue lors de son bapt\u00eame (Mt 3,17)\u2026 en ajoutant toutefois ces mots\u00a0: \u00ab\u00a0Ecoutez-le\u00a0!\u00a0\u00bb<\/strong><\/p>\n\n\n\n<p class=\"wp-block-paragraph\"><strong>> Oui, pour ce temps de car\u00eame tout particuli\u00e8rement, \u00e9coutons-le.<br>\u00c9coutons-le nous enseigner en paroles et actes, tels que relat\u00e9s dans les \u00e9vangiles.\u00a0<br>\u00c9coutons-le quand il nous dit de nous relever et de ne pas avoir peur, alors que lui est en train d\u2019annoncer sa passion.\u00a0<br>\u00c9coutons-le quand il vous dit que le plus grand commandement, c\u2019est d\u2019aimer Dieu et notre prochain.\u00a0<br>\u00c9coutons-le quand il nous parle de pardon, de gu\u00e9rison et nous appelle \u00e0 changer de vie.\u00a0<br>\u00c9coutons-le dans la pri\u00e8re au plus intime de notre c\u0153ur.\u00a0<br>\u00c9coutons-le, comme le peuple d\u2019Isra\u00ebl dans le d\u00e9sert\u00a0: \u00ab\u00a0\u00c9coute, Isra\u00ebl : Le Seigneur notre Dieu est le seul Seigneur.\u00a0\u00bb (Dt 6,4)<\/strong><\/p>\n","protected":false},"excerpt":{"rendered":"<p>\u00ab Celui-ci est mon Fils bien-aim\u00e9, en qui je trouve ma joie\u00a0: \u00e9coutez-le\u00a0! \u00bb Mt 17,5 > Dans ce r\u00e9cit de la Transfiguration, Dieu se r\u00e9v\u00e8le. Par ces signes extraordinaires et myst\u00e9rieux que sont\u00a0la transfiguration du visage et des v\u00eatements de J\u00e9sus, l\u2019apparition de Mo\u00efse et Elie, et enfin la nu\u00e9e, Dieu se donne myst\u00e9rieusement \u00e0 voir. Il\u00a0s&rsquo;offre \u00e0 la contemplation de ses disciples \u00ab pr\u00e9f\u00e9r\u00e9s \u00bb. Mais c&rsquo;est de fa\u00e7on fugitive et \u00e9ph\u00e9m\u00e8re.\u00a0 > Car le message que Dieu veut nous r\u00e9v\u00e9ler ne se voit pas. Il s\u2019\u00e9coute. \u00ab Celui-ci est mon Fils, celui que j\u2019ai choisi. \u00c9coutez-le. \u00bb La voix qui retentit dans la nu\u00e9e (autre manifestation de \u2026 <a class=\"continue-reading-link\" href=\"https:\/\/levangilealecran.com\/?p=2735\"> Continue reading <span class=\"meta-nav\">&rarr; <\/span><\/a><\/p>\n","protected":false},"author":2006,"featured_media":0,"comment_status":"open","ping_status":"open","sticky":false,"template":"","format":"standard","meta":{"footnotes":""},"categories":[44,4,8],"tags":[923,924,49],"class_list":["post-2735","post","type-post","status-publish","format-standard","hentry","category-careme","category-dimanche","category-matthieu","tag-ecoute-2","tag-revelation","tag-transfiguration"],"_links":{"self":[{"href":"https:\/\/levangilealecran.com\/index.php?rest_route=\/wp\/v2\/posts\/2735","targetHints":{"allow":["GET"]}}],"collection":[{"href":"https:\/\/levangilealecran.com\/index.php?rest_route=\/wp\/v2\/posts"}],"about":[{"href":"https:\/\/levangilealecran.com\/index.php?rest_route=\/wp\/v2\/types\/post"}],"author":[{"embeddable":true,"href":"https:\/\/levangilealecran.com\/index.php?rest_route=\/wp\/v2\/users\/2006"}],"replies":[{"embeddable":true,"href":"https:\/\/levangilealecran.com\/index.php?rest_route=%2Fwp%2Fv2%2Fcomments&post=2735"}],"version-history":[{"count":1,"href":"https:\/\/levangilealecran.com\/index.php?rest_route=\/wp\/v2\/posts\/2735\/revisions"}],"predecessor-version":[{"id":2737,"href":"https:\/\/levangilealecran.com\/index.php?rest_route=\/wp\/v2\/posts\/2735\/revisions\/2737"}],"wp:attachment":[{"href":"https:\/\/levangilealecran.com\/index.php?rest_route=%2Fwp%2Fv2%2Fmedia&parent=2735"}],"wp:term":[{"taxonomy":"category","embeddable":true,"href":"https:\/\/levangilealecran.com\/index.php?rest_route=%2Fwp%2Fv2%2Fcategories&post=2735"},{"taxonomy":"post_tag","embeddable":true,"href":"https:\/\/levangilealecran.com\/index.php?rest_route=%2Fwp%2Fv2%2Ftags&post=2735"}],"curies":[{"name":"wp","href":"https:\/\/api.w.org\/{rel}","templated":true}]}}