{"id":2731,"date":"2023-02-24T08:00:00","date_gmt":"2023-02-24T07:00:00","guid":{"rendered":"https:\/\/levangilealecran.com\/?p=2731"},"modified":"2023-02-23T17:17:59","modified_gmt":"2023-02-23T16:17:59","slug":"1er-dimanche-de-careme-a-26-fevrier-2023","status":"publish","type":"post","link":"https:\/\/levangilealecran.com\/?p=2731","title":{"rendered":"1er Dimanche de Car\u00eame \u2014 A \u2014 26 f\u00e9vrier 2023"},"content":{"rendered":"\n<blockquote class=\"wp-block-quote is-layout-flow wp-block-quote-is-layout-flow\"><p>\u00ab\u00a0Alors J\u00e9sus fut emmen\u00e9 par l&rsquo;Esprit dans le d\u00e9sert\u00a0\u00bb<\/p><cite>(Mt 4,1)<\/cite><\/blockquote>\n\n\n\n<figure class=\"wp-block-image size-large is-resized is-style-default\"><a href=\"https:\/\/levangilealecran.com\/wp-content\/uploads\/2023\/02\/pexels-the-lazy-artist-gallery-1199967-1-scaled.jpg\"><img loading=\"lazy\" decoding=\"async\" src=\"https:\/\/levangilealecran.com\/wp-content\/uploads\/2023\/02\/pexels-the-lazy-artist-gallery-1199967-1-1024x575.jpg\" alt=\"\" class=\"wp-image-2732\" width=\"768\" height=\"431\" srcset=\"https:\/\/levangilealecran.com\/wp-content\/uploads\/2023\/02\/pexels-the-lazy-artist-gallery-1199967-1-1024x575.jpg 1024w, https:\/\/levangilealecran.com\/wp-content\/uploads\/2023\/02\/pexels-the-lazy-artist-gallery-1199967-1-300x168.jpg 300w, https:\/\/levangilealecran.com\/wp-content\/uploads\/2023\/02\/pexels-the-lazy-artist-gallery-1199967-1-768x431.jpg 768w, https:\/\/levangilealecran.com\/wp-content\/uploads\/2023\/02\/pexels-the-lazy-artist-gallery-1199967-1-1536x863.jpg 1536w, https:\/\/levangilealecran.com\/wp-content\/uploads\/2023\/02\/pexels-the-lazy-artist-gallery-1199967-1-2048x1150.jpg 2048w, https:\/\/levangilealecran.com\/wp-content\/uploads\/2023\/02\/pexels-the-lazy-artist-gallery-1199967-1-150x84.jpg 150w, https:\/\/levangilealecran.com\/wp-content\/uploads\/2023\/02\/pexels-the-lazy-artist-gallery-1199967-1-250x140.jpg 250w, https:\/\/levangilealecran.com\/wp-content\/uploads\/2023\/02\/pexels-the-lazy-artist-gallery-1199967-1-1320x741.jpg 1320w\" sizes=\"auto, (max-width: 768px) 100vw, 768px\" \/><\/a><\/figure>\n\n\n\n<p class=\"wp-block-paragraph\"><strong>> Encore plus que dans les autres Evangiles, il y a quelque chose de tellement choquant \u00e0 voir J\u00e9sus trimball\u00e9 au d\u00e9sert juste apr\u00e8s son bapt\u00eame ! Le verbe est au passif: \u00ab\u00a0Il fut emmen\u00e9 dans le d\u00e9sert\u00a0\u00bb&#8230;. Et combien de fois avons-nous aussi eu l&rsquo;impression dans la tentation d&rsquo;\u00eatre parachut\u00e9s dans des \u00e9v\u00e9nements non pas choisis mais subis et souvent aussi subits!! Quand elles d\u00e9barquent dans nos vies, les occasions de douter \u00e0 cause de la maladie ou des coups du sort nous emm\u00e8nent au d\u00e9sert et il nous est bien difficile d&rsquo;imaginer que c&rsquo;est l&rsquo;Esprit qui nous y envoie&#8230;<\/strong><br><strong><br>> Pour ce temps de Car\u00eame, je me fais la proposition suivante:<\/strong><br><strong>Ne pas me laisser ensabler dans le doute lorsque l&rsquo;\u00e9preuve se pr\u00e9sentera.<\/strong><br><strong>Reprendre patiemment le baluchon de ma foi.<\/strong><br><strong>Chausser les souliers de la pers\u00e9v\u00e9rance et cheminer en confiance vers les terres abandonn\u00e9es.<\/strong><br><strong>Quitter les hauts plateaux de mes illusions et le bitume des confusions<\/strong><br><strong>Rejoindre l&rsquo;arri\u00e8re-pays, mon Orient int\u00e9rieur,<\/strong><br><strong>L\u00e0 o\u00f9 Dieu m&rsquo;attend, avec les versets qui me gu\u00e9riront de toutes les s\u00e8cheresses!<\/strong><br><br><strong>Amen<\/strong><\/p>\n","protected":false},"excerpt":{"rendered":"<p>\u00ab\u00a0Alors J\u00e9sus fut emmen\u00e9 par l&rsquo;Esprit dans le d\u00e9sert\u00a0\u00bb (Mt 4,1) > Encore plus que dans les autres Evangiles, il y a quelque chose de tellement choquant \u00e0 voir J\u00e9sus trimball\u00e9 au d\u00e9sert juste apr\u00e8s son bapt\u00eame ! Le verbe est au passif: \u00ab\u00a0Il fut emmen\u00e9 dans le d\u00e9sert\u00a0\u00bb&#8230;. Et combien de fois avons-nous aussi eu l&rsquo;impression dans la tentation d&rsquo;\u00eatre parachut\u00e9s dans des \u00e9v\u00e9nements non pas choisis mais subis et souvent aussi subits!! Quand elles d\u00e9barquent dans nos vies, les occasions de douter \u00e0 cause de la maladie ou des coups du sort nous emm\u00e8nent au d\u00e9sert et il nous est bien difficile d&rsquo;imaginer que c&rsquo;est l&rsquo;Esprit qui nous \u2026 <a class=\"continue-reading-link\" href=\"https:\/\/levangilealecran.com\/?p=2731\"> Continue reading <span class=\"meta-nav\">&rarr; <\/span><\/a><\/p>\n","protected":false},"author":2005,"featured_media":0,"comment_status":"open","ping_status":"open","sticky":false,"template":"","format":"standard","meta":{"footnotes":""},"categories":[44],"tags":[],"class_list":["post-2731","post","type-post","status-publish","format-standard","hentry","category-careme"],"_links":{"self":[{"href":"https:\/\/levangilealecran.com\/index.php?rest_route=\/wp\/v2\/posts\/2731","targetHints":{"allow":["GET"]}}],"collection":[{"href":"https:\/\/levangilealecran.com\/index.php?rest_route=\/wp\/v2\/posts"}],"about":[{"href":"https:\/\/levangilealecran.com\/index.php?rest_route=\/wp\/v2\/types\/post"}],"author":[{"embeddable":true,"href":"https:\/\/levangilealecran.com\/index.php?rest_route=\/wp\/v2\/users\/2005"}],"replies":[{"embeddable":true,"href":"https:\/\/levangilealecran.com\/index.php?rest_route=%2Fwp%2Fv2%2Fcomments&post=2731"}],"version-history":[{"count":1,"href":"https:\/\/levangilealecran.com\/index.php?rest_route=\/wp\/v2\/posts\/2731\/revisions"}],"predecessor-version":[{"id":2733,"href":"https:\/\/levangilealecran.com\/index.php?rest_route=\/wp\/v2\/posts\/2731\/revisions\/2733"}],"wp:attachment":[{"href":"https:\/\/levangilealecran.com\/index.php?rest_route=%2Fwp%2Fv2%2Fmedia&parent=2731"}],"wp:term":[{"taxonomy":"category","embeddable":true,"href":"https:\/\/levangilealecran.com\/index.php?rest_route=%2Fwp%2Fv2%2Fcategories&post=2731"},{"taxonomy":"post_tag","embeddable":true,"href":"https:\/\/levangilealecran.com\/index.php?rest_route=%2Fwp%2Fv2%2Ftags&post=2731"}],"curies":[{"name":"wp","href":"https:\/\/api.w.org\/{rel}","templated":true}]}}