{"id":2724,"date":"2023-02-10T08:00:00","date_gmt":"2023-02-10T07:00:00","guid":{"rendered":"https:\/\/levangilealecran.com\/?p=2724"},"modified":"2023-02-09T16:20:02","modified_gmt":"2023-02-09T15:20:02","slug":"6e-dimanche-du-temps-ordinaire-a-12-fevrier-2023","status":"publish","type":"post","link":"https:\/\/levangilealecran.com\/?p=2724","title":{"rendered":"6e dimanche du Temps ordinaire \u2013 A \u2013 12 f\u00e9vrier 2023"},"content":{"rendered":"\n<blockquote class=\"wp-block-quote is-layout-flow wp-block-quote-is-layout-flow\"><p>\u00ab\u00a0Eh bien! moi, je vous dis\u2026 \u00ab\u00a0<\/p><cite>Mt 5,22, (28, 32, 34)<\/cite><\/blockquote>\n\n\n\n<figure class=\"wp-block-image size-full is-resized is-style-default\"><a href=\"https:\/\/levangilealecran.com\/wp-content\/uploads\/2023\/02\/eale.jpg\"><img decoding=\"async\" src=\"https:\/\/levangilealecran.com\/wp-content\/uploads\/2023\/02\/eale.jpg\" alt=\"\" class=\"wp-image-2725\" width=\"600\" srcset=\"https:\/\/levangilealecran.com\/wp-content\/uploads\/2023\/02\/eale.jpg 303w, https:\/\/levangilealecran.com\/wp-content\/uploads\/2023\/02\/eale-300x239.jpg 300w, https:\/\/levangilealecran.com\/wp-content\/uploads\/2023\/02\/eale-150x119.jpg 150w, https:\/\/levangilealecran.com\/wp-content\/uploads\/2023\/02\/eale-189x150.jpg 189w\" sizes=\"(max-width: 303px) 100vw, 303px\" \/><\/a><\/figure>\n\n\n\n<p class=\"wp-block-paragraph\"><strong>> Sans vouloir abolir ni la Loi, ni les Proph\u00e8tes, J\u00e9sus, en nouveau Mo\u00efse, nous conduit de la Loi grav\u00e9e sur des tables de pierre \u00e0 celle inscrite par l\u2019Esprit dans nos c\u0153urs de chair. (cf.Ez 36,26) Son enseignement nous ouvre un horizon nouveau : Il ne suffit pas d\u2019\u00e9viter les grand crimes tels que meurtre, adult\u00e8re, parjure ; non, il nous faut veiller sur notre c\u0153ur, notre regard, nos pens\u00e9es, car c\u2019est de l\u00e0 que naissent les grands maux, \u00e0 partir d\u2019une col\u00e8re, d\u2019un regard, d\u2019une duplicit\u00e9\u2026 Avec J\u00e9sus, nous sommes ramen\u00e9s \u00e0 notre quotidien, \u00e0 notre vie relationnellesurtout. Cela implique des choix : Agir\/r\u00e9agir avec violence ou douceur ? Avec respect ou m\u00e9pris ? Pensant \u00e0 nos propres int\u00e9r\u00eats ou d\u00e9sirant le bien de l\u2019autre ?<\/strong><\/p>\n\n\n\n<p class=\"wp-block-paragraph\"><strong>> \u201cAccomplir\u201c la loi signifierait alors \u201crendre complet \u201c notre amour du prochain, jusque dans les rencontres fortuites, les contacts sporadiques, en tout temps et en tout lieu. Pour cela, recevons du Seigneur, avec gratuit\u00e9, la boussole sur le chemin : Son commandement nouveau, celui de nous aimer les uns les autres, comme Lui nous aime. (cf.Jn 13,34).<\/strong><\/p>\n","protected":false},"excerpt":{"rendered":"<p>\u00ab\u00a0Eh bien! moi, je vous dis\u2026 \u00ab\u00a0 Mt 5,22, (28, 32, 34) > Sans vouloir abolir ni la Loi, ni les Proph\u00e8tes, J\u00e9sus, en nouveau Mo\u00efse, nous conduit de la Loi grav\u00e9e sur des tables de pierre \u00e0 celle inscrite par l\u2019Esprit dans nos c\u0153urs de chair. (cf.Ez 36,26) Son enseignement nous ouvre un horizon nouveau : Il ne suffit pas d\u2019\u00e9viter les grand crimes tels que meurtre, adult\u00e8re, parjure ; non, il nous faut veiller sur notre c\u0153ur, notre regard, nos pens\u00e9es, car c\u2019est de l\u00e0 que naissent les grands maux, \u00e0 partir d\u2019une col\u00e8re, d\u2019un regard, d\u2019une duplicit\u00e9\u2026 Avec J\u00e9sus, nous sommes ramen\u00e9s \u00e0 notre quotidien, \u00e0 notre \u2026 <a class=\"continue-reading-link\" href=\"https:\/\/levangilealecran.com\/?p=2724\"> Continue reading <span class=\"meta-nav\">&rarr; <\/span><\/a><\/p>\n","protected":false},"author":2005,"featured_media":0,"comment_status":"open","ping_status":"open","sticky":false,"template":"","format":"standard","meta":{"footnotes":""},"categories":[4,8],"tags":[],"class_list":["post-2724","post","type-post","status-publish","format-standard","hentry","category-dimanche","category-matthieu"],"_links":{"self":[{"href":"https:\/\/levangilealecran.com\/index.php?rest_route=\/wp\/v2\/posts\/2724","targetHints":{"allow":["GET"]}}],"collection":[{"href":"https:\/\/levangilealecran.com\/index.php?rest_route=\/wp\/v2\/posts"}],"about":[{"href":"https:\/\/levangilealecran.com\/index.php?rest_route=\/wp\/v2\/types\/post"}],"author":[{"embeddable":true,"href":"https:\/\/levangilealecran.com\/index.php?rest_route=\/wp\/v2\/users\/2005"}],"replies":[{"embeddable":true,"href":"https:\/\/levangilealecran.com\/index.php?rest_route=%2Fwp%2Fv2%2Fcomments&post=2724"}],"version-history":[{"count":1,"href":"https:\/\/levangilealecran.com\/index.php?rest_route=\/wp\/v2\/posts\/2724\/revisions"}],"predecessor-version":[{"id":2726,"href":"https:\/\/levangilealecran.com\/index.php?rest_route=\/wp\/v2\/posts\/2724\/revisions\/2726"}],"wp:attachment":[{"href":"https:\/\/levangilealecran.com\/index.php?rest_route=%2Fwp%2Fv2%2Fmedia&parent=2724"}],"wp:term":[{"taxonomy":"category","embeddable":true,"href":"https:\/\/levangilealecran.com\/index.php?rest_route=%2Fwp%2Fv2%2Fcategories&post=2724"},{"taxonomy":"post_tag","embeddable":true,"href":"https:\/\/levangilealecran.com\/index.php?rest_route=%2Fwp%2Fv2%2Ftags&post=2724"}],"curies":[{"name":"wp","href":"https:\/\/api.w.org\/{rel}","templated":true}]}}