{"id":2720,"date":"2023-02-03T08:00:00","date_gmt":"2023-02-03T07:00:00","guid":{"rendered":"https:\/\/levangilealecran.com\/?p=2720"},"modified":"2023-02-02T17:37:04","modified_gmt":"2023-02-02T16:37:04","slug":"5e-dimanche-du-temps-ordinaire-a-3-fevrier-2023","status":"publish","type":"post","link":"https:\/\/levangilealecran.com\/?p=2720","title":{"rendered":"5e dimanche du Temps ordinaire \u2013 A \u2013 5 f\u00e9vrier 2023"},"content":{"rendered":"\n<blockquote class=\"wp-block-quote is-layout-flow wp-block-quote-is-layout-flow\"><p>Vous \u00eates le sel de la terre &#8230;Vous \u00eates la lumi\u00e8re du monde &#8230;&#8230; vous faites du bien !<\/p><cite>(Mt, 5,13-14-16)<\/cite><\/blockquote>\n\n\n\n<figure class=\"wp-block-image size-full is-resized\"><a href=\"https:\/\/levangilealecran.com\/wp-content\/uploads\/2023\/02\/20230205_mt514.png\"><img loading=\"lazy\" decoding=\"async\" src=\"https:\/\/levangilealecran.com\/wp-content\/uploads\/2023\/02\/20230205_mt514.png\" alt=\"\" class=\"wp-image-2721\" width=\"600\" height=\"600\" srcset=\"https:\/\/levangilealecran.com\/wp-content\/uploads\/2023\/02\/20230205_mt514.png 1200w, https:\/\/levangilealecran.com\/wp-content\/uploads\/2023\/02\/20230205_mt514-300x300.png 300w, https:\/\/levangilealecran.com\/wp-content\/uploads\/2023\/02\/20230205_mt514-1024x1024.png 1024w, https:\/\/levangilealecran.com\/wp-content\/uploads\/2023\/02\/20230205_mt514-150x150.png 150w, https:\/\/levangilealecran.com\/wp-content\/uploads\/2023\/02\/20230205_mt514-768x768.png 768w\" sizes=\"auto, (max-width: 600px) 100vw, 600px\" \/><\/a><\/figure>\n\n\n\n<p class=\"wp-block-paragraph\"><strong>&gt; Dans le passage de l&rsquo;Evangile de ce dimanche, il y a 2 fois \u00ab\u00a0Vous \u00eates\u00a0\u00bb pour une fois \u00ab\u00a0ce que vous faites\u00a0\u00bb. C&rsquo;est important :C&rsquo;est en premier lieu parce que \u00ab\u00a0nous sommes\u00a0\u00bb que \u00ab\u00a0nous faisons\u00a0\u00bb, et non pas CE que \u00ab\u00a0nous faisons\u00a0\u00bb qui d\u00e9termine qui \u00ab\u00a0nous sommes\u00a0\u00bb&#8230;Dieu nous a cr\u00e9e et donn\u00e9 une identit\u00e9 inalterable. L&rsquo;Esprit qui habite en nous permet de d\u00e9ployer totalement qui nous sommes appel\u00e9s \u00e0 \u00eatre : des lumi\u00e8res pour toutes et tous, de la saveur dans les moments un peu plus fades.<\/strong><\/p>\n\n\n\n<p class=\"wp-block-paragraph\"><strong>&gt; Soyez rempli de l&rsquo;Amour pour devenir, et puis seulement ensuite&#8230; faites !<\/strong><\/p>\n","protected":false},"excerpt":{"rendered":"<p>Vous \u00eates le sel de la terre &#8230;Vous \u00eates la lumi\u00e8re du monde &#8230;&#8230; vous faites du bien ! (Mt, 5,13-14-16) &gt; Dans le passage de l&rsquo;Evangile de ce dimanche, il y a 2 fois \u00ab\u00a0Vous \u00eates\u00a0\u00bb pour une fois \u00ab\u00a0ce que vous faites\u00a0\u00bb. C&rsquo;est important :C&rsquo;est en premier lieu parce que \u00ab\u00a0nous sommes\u00a0\u00bb que \u00ab\u00a0nous faisons\u00a0\u00bb, et non pas CE que \u00ab\u00a0nous faisons\u00a0\u00bb qui d\u00e9termine qui \u00ab\u00a0nous sommes\u00a0\u00bb&#8230;Dieu nous a cr\u00e9e et donn\u00e9 une identit\u00e9 inalterable. L&rsquo;Esprit qui habite en nous permet de d\u00e9ployer totalement qui nous sommes appel\u00e9s \u00e0 \u00eatre : des lumi\u00e8res pour toutes et tous, de la saveur dans les moments un peu plus fades. &gt; \u2026 <a class=\"continue-reading-link\" href=\"https:\/\/levangilealecran.com\/?p=2720\"> Continue reading <span class=\"meta-nav\">&rarr; <\/span><\/a><\/p>\n","protected":false},"author":2005,"featured_media":0,"comment_status":"open","ping_status":"open","sticky":false,"template":"","format":"standard","meta":{"footnotes":""},"categories":[4,8],"tags":[],"class_list":["post-2720","post","type-post","status-publish","format-standard","hentry","category-dimanche","category-matthieu"],"_links":{"self":[{"href":"https:\/\/levangilealecran.com\/index.php?rest_route=\/wp\/v2\/posts\/2720","targetHints":{"allow":["GET"]}}],"collection":[{"href":"https:\/\/levangilealecran.com\/index.php?rest_route=\/wp\/v2\/posts"}],"about":[{"href":"https:\/\/levangilealecran.com\/index.php?rest_route=\/wp\/v2\/types\/post"}],"author":[{"embeddable":true,"href":"https:\/\/levangilealecran.com\/index.php?rest_route=\/wp\/v2\/users\/2005"}],"replies":[{"embeddable":true,"href":"https:\/\/levangilealecran.com\/index.php?rest_route=%2Fwp%2Fv2%2Fcomments&post=2720"}],"version-history":[{"count":2,"href":"https:\/\/levangilealecran.com\/index.php?rest_route=\/wp\/v2\/posts\/2720\/revisions"}],"predecessor-version":[{"id":2723,"href":"https:\/\/levangilealecran.com\/index.php?rest_route=\/wp\/v2\/posts\/2720\/revisions\/2723"}],"wp:attachment":[{"href":"https:\/\/levangilealecran.com\/index.php?rest_route=%2Fwp%2Fv2%2Fmedia&parent=2720"}],"wp:term":[{"taxonomy":"category","embeddable":true,"href":"https:\/\/levangilealecran.com\/index.php?rest_route=%2Fwp%2Fv2%2Fcategories&post=2720"},{"taxonomy":"post_tag","embeddable":true,"href":"https:\/\/levangilealecran.com\/index.php?rest_route=%2Fwp%2Fv2%2Ftags&post=2720"}],"curies":[{"name":"wp","href":"https:\/\/api.w.org\/{rel}","templated":true}]}}