{"id":2711,"date":"2023-01-20T08:00:00","date_gmt":"2023-01-20T07:00:00","guid":{"rendered":"https:\/\/levangilealecran.com\/?p=2711"},"modified":"2023-01-17T10:59:20","modified_gmt":"2023-01-17T09:59:20","slug":"3e-dimanche-du-temps-ordinaire-a-22-janvier-2023","status":"publish","type":"post","link":"https:\/\/levangilealecran.com\/?p=2711","title":{"rendered":"3e dimanche du Temps ordinaire \u2013 A \u2013 22 janvier 2023"},"content":{"rendered":"\n<blockquote class=\"wp-block-quote is-style-default is-layout-flow wp-block-quote-is-layout-flow\"><p>\u00ab J\u00e9sus les appela.\u00bb<\/p><cite>(Mt 4,21)<\/cite><\/blockquote>\n\n\n\n<figure class=\"wp-block-image size-full is-resized\"><a href=\"https:\/\/levangilealecran.com\/wp-content\/uploads\/2023\/01\/ImageEvEcr2023_01_22.jpg\"><img loading=\"lazy\" decoding=\"async\" src=\"https:\/\/levangilealecran.com\/wp-content\/uploads\/2023\/01\/ImageEvEcr2023_01_22.jpg\" alt=\"\" class=\"wp-image-2712\" width=\"600\" height=\"600\" srcset=\"https:\/\/levangilealecran.com\/wp-content\/uploads\/2023\/01\/ImageEvEcr2023_01_22.jpg 600w, https:\/\/levangilealecran.com\/wp-content\/uploads\/2023\/01\/ImageEvEcr2023_01_22-300x300.jpg 300w, https:\/\/levangilealecran.com\/wp-content\/uploads\/2023\/01\/ImageEvEcr2023_01_22-150x150.jpg 150w\" sizes=\"auto, (max-width: 600px) 100vw, 600px\" \/><\/a><\/figure>\n\n\n\n<p class=\"wp-block-paragraph\">> Dans ce r\u00e9cit bien connu, J\u00e9sus appelle des hommes simples \u00e0 le suivre. Il leur adresse une nouvelle vocation. Il les appelle \u00e0 laisser leurs filets (pour Simon et Andr\u00e9), leur barque et leur p\u00e8re (pour Jean et Jacques), en somme \u00e0 quitter leur train-train quotidien pour se mettre en route \u00e0 sa suite avec confiance. Aujourd\u2019hui encore, J\u00e9sus continue \u00e0 appeler des hommes et des femmes \u00e0 le suivre. Tous et toutes, il nous appelle. L\u2019ai-je entendu, cet appel pour ma vie ?<\/p>\n\n\n\n<p class=\"wp-block-paragraph\">> En ce d\u00e9but d\u2019ann\u00e9e, nous pouvons donc \u00e9couter, m\u00e9diter, revisiter cet appel du Christ \u00e0 le suivre qui nous est fait. Et avec confiance, se mettre en marche, \u00e0 sa suite.<\/p>\n","protected":false},"excerpt":{"rendered":"<p>\u00ab J\u00e9sus les appela.\u00bb (Mt 4,21) > Dans ce r\u00e9cit bien connu, J\u00e9sus appelle des hommes simples \u00e0 le suivre. Il leur adresse une nouvelle vocation. Il les appelle \u00e0 laisser leurs filets (pour Simon et Andr\u00e9), leur barque et leur p\u00e8re (pour Jean et Jacques), en somme \u00e0 quitter leur train-train quotidien pour se mettre en route \u00e0 sa suite avec confiance. Aujourd\u2019hui encore, J\u00e9sus continue \u00e0 appeler des hommes et des femmes \u00e0 le suivre. Tous et toutes, il nous appelle. L\u2019ai-je entendu, cet appel pour ma vie ? > En ce d\u00e9but d\u2019ann\u00e9e, nous pouvons donc \u00e9couter, m\u00e9diter, revisiter cet appel du Christ \u00e0 le suivre qui \u2026 <a class=\"continue-reading-link\" href=\"https:\/\/levangilealecran.com\/?p=2711\"> Continue reading <span class=\"meta-nav\">&rarr; <\/span><\/a><\/p>\n","protected":false},"author":2005,"featured_media":0,"comment_status":"open","ping_status":"open","sticky":false,"template":"","format":"standard","meta":{"footnotes":""},"categories":[4,8],"tags":[99],"class_list":["post-2711","post","type-post","status-publish","format-standard","hentry","category-dimanche","category-matthieu","tag-appel"],"_links":{"self":[{"href":"https:\/\/levangilealecran.com\/index.php?rest_route=\/wp\/v2\/posts\/2711","targetHints":{"allow":["GET"]}}],"collection":[{"href":"https:\/\/levangilealecran.com\/index.php?rest_route=\/wp\/v2\/posts"}],"about":[{"href":"https:\/\/levangilealecran.com\/index.php?rest_route=\/wp\/v2\/types\/post"}],"author":[{"embeddable":true,"href":"https:\/\/levangilealecran.com\/index.php?rest_route=\/wp\/v2\/users\/2005"}],"replies":[{"embeddable":true,"href":"https:\/\/levangilealecran.com\/index.php?rest_route=%2Fwp%2Fv2%2Fcomments&post=2711"}],"version-history":[{"count":1,"href":"https:\/\/levangilealecran.com\/index.php?rest_route=\/wp\/v2\/posts\/2711\/revisions"}],"predecessor-version":[{"id":2713,"href":"https:\/\/levangilealecran.com\/index.php?rest_route=\/wp\/v2\/posts\/2711\/revisions\/2713"}],"wp:attachment":[{"href":"https:\/\/levangilealecran.com\/index.php?rest_route=%2Fwp%2Fv2%2Fmedia&parent=2711"}],"wp:term":[{"taxonomy":"category","embeddable":true,"href":"https:\/\/levangilealecran.com\/index.php?rest_route=%2Fwp%2Fv2%2Fcategories&post=2711"},{"taxonomy":"post_tag","embeddable":true,"href":"https:\/\/levangilealecran.com\/index.php?rest_route=%2Fwp%2Fv2%2Ftags&post=2711"}],"curies":[{"name":"wp","href":"https:\/\/api.w.org\/{rel}","templated":true}]}}