{"id":2707,"date":"2023-01-13T08:00:00","date_gmt":"2023-01-13T07:00:00","guid":{"rendered":"https:\/\/levangilealecran.com\/?p=2707"},"modified":"2023-01-17T10:59:43","modified_gmt":"2023-01-17T09:59:43","slug":"2e-dimanche-du-temps-ordinaire-a-15-janvier-2023","status":"publish","type":"post","link":"https:\/\/levangilealecran.com\/?p=2707","title":{"rendered":"2e dimanche du Temps ordinaire \u2013 A \u2013 15 janvier 2023"},"content":{"rendered":"\n<blockquote class=\"wp-block-quote is-style-default is-layout-flow wp-block-quote-is-layout-flow\"><p>En ce temps-l\u00e0, voyant J\u00e9sus venir vers lui, Jean le Baptiste d\u00e9clara\u00a0: \u00ab\u00a0Voici l\u2019Agneau de Dieu !\u00a0\u00bb<\/p><cite>Jean 1, 29<\/cite><\/blockquote>\n\n\n\n<figure class=\"wp-block-image size-full is-resized\"><a href=\"https:\/\/levangilealecran.com\/wp-content\/uploads\/2023\/01\/20230115_Jn123.png\"><img loading=\"lazy\" decoding=\"async\" src=\"https:\/\/levangilealecran.com\/wp-content\/uploads\/2023\/01\/20230115_Jn123.png\" alt=\"\" class=\"wp-image-2708\" width=\"600\" height=\"600\" srcset=\"https:\/\/levangilealecran.com\/wp-content\/uploads\/2023\/01\/20230115_Jn123.png 1200w, https:\/\/levangilealecran.com\/wp-content\/uploads\/2023\/01\/20230115_Jn123-300x300.png 300w, https:\/\/levangilealecran.com\/wp-content\/uploads\/2023\/01\/20230115_Jn123-1024x1024.png 1024w, https:\/\/levangilealecran.com\/wp-content\/uploads\/2023\/01\/20230115_Jn123-150x150.png 150w, https:\/\/levangilealecran.com\/wp-content\/uploads\/2023\/01\/20230115_Jn123-768x768.png 768w\" sizes=\"auto, (max-width: 600px) 100vw, 600px\" \/><\/a><\/figure>\n\n\n\n<p class=\"wp-block-paragraph\"><strong>> \u00ab Voici l\u2019agneau de Dieu ! \u00bb : rien qu\u2019\u00e0 voir passer J\u00e9sus, dans la foule de ce jour, Jean-Baptiste a cette r\u00e9v\u00e9lation\u2026Voil\u00e0 une mission qui est encore celle des baptis\u00e9s aujourd\u2019hui : r\u00e9v\u00e9ler \u00e0 l\u2019autre qui il est vraiment, r\u00e9v\u00e9ler au monde ce que cet autre peut lui apporter, son caract\u00e8re unique, ses charismes propres et aussi ce qui le transcende\u2026 sa parcelle d\u2019\u00e9tincelle divine et de gr\u00e2ce. Mais de mani\u00e8re paradoxale, la source de la connaissance de Jean-Baptiste est\u2026 la confession de non-savoir. \u00ab Et moi, je ne le connaissais pas\u2026 \u00bb.(v.31 et 33). En pronon\u00e7ant ces mots forts au sujet d\u2019un cousin dont il est suppos\u00e9 \u00eatre familier, Jean-Baptiste reconna\u00eet que notre connaissance imm\u00e9diate de l\u2019autre ne suffit pas pour savoir qui il est vraiment. Ni les liens familiaux, ni les appartenances religieuses, ni les renseignements accumul\u00e9s sur quelqu\u2019un (sur Google !?) ne sont suffisants pour croire le conna\u00eetre\u2026<\/strong><\/p>\n\n\n\n<p class=\"wp-block-paragraph\"><strong>> Pour 2023, essayons d\u2019annoncer le Christ EN tout homme ? Pour cela, nous aurons besoin que des \u00ab\u00a0Jean-Baptiste\u00a0\u00bb \u00e9l\u00e8vent la voix avec nous, pour manifester la v\u00e9ritable dignit\u00e9 de ceux que personne ne remarque. Nous aurons besoin d\u2019un regard qui discerne au-del\u00e0 des apparences dans la posture humble de ne pas nous limiter \u00e0 ce que nous croyons savoir des personnes que nous rencontrons. Je nous souhaite ce regard doux\u2026comme celui d\u2019un agneau !<\/strong><\/p>\n","protected":false},"excerpt":{"rendered":"<p>En ce temps-l\u00e0, voyant J\u00e9sus venir vers lui, Jean le Baptiste d\u00e9clara\u00a0: \u00ab\u00a0Voici l\u2019Agneau de Dieu !\u00a0\u00bb Jean 1, 29 > \u00ab Voici l\u2019agneau de Dieu ! \u00bb : rien qu\u2019\u00e0 voir passer J\u00e9sus, dans la foule de ce jour, Jean-Baptiste a cette r\u00e9v\u00e9lation\u2026Voil\u00e0 une mission qui est encore celle des baptis\u00e9s aujourd\u2019hui : r\u00e9v\u00e9ler \u00e0 l\u2019autre qui il est vraiment, r\u00e9v\u00e9ler au monde ce que cet autre peut lui apporter, son caract\u00e8re unique, ses charismes propres et aussi ce qui le transcende\u2026 sa parcelle d\u2019\u00e9tincelle divine et de gr\u00e2ce. Mais de mani\u00e8re paradoxale, la source de la connaissance de Jean-Baptiste est\u2026 la confession de non-savoir. \u00ab Et moi, je \u2026 <a class=\"continue-reading-link\" href=\"https:\/\/levangilealecran.com\/?p=2707\"> Continue reading <span class=\"meta-nav\">&rarr; <\/span><\/a><\/p>\n","protected":false},"author":2005,"featured_media":0,"comment_status":"open","ping_status":"open","sticky":false,"template":"","format":"standard","meta":{"footnotes":""},"categories":[4,5],"tags":[717,164],"class_list":["post-2707","post","type-post","status-publish","format-standard","hentry","category-dimanche","category-jean","tag-agneau","tag-annonce"],"_links":{"self":[{"href":"https:\/\/levangilealecran.com\/index.php?rest_route=\/wp\/v2\/posts\/2707","targetHints":{"allow":["GET"]}}],"collection":[{"href":"https:\/\/levangilealecran.com\/index.php?rest_route=\/wp\/v2\/posts"}],"about":[{"href":"https:\/\/levangilealecran.com\/index.php?rest_route=\/wp\/v2\/types\/post"}],"author":[{"embeddable":true,"href":"https:\/\/levangilealecran.com\/index.php?rest_route=\/wp\/v2\/users\/2005"}],"replies":[{"embeddable":true,"href":"https:\/\/levangilealecran.com\/index.php?rest_route=%2Fwp%2Fv2%2Fcomments&post=2707"}],"version-history":[{"count":2,"href":"https:\/\/levangilealecran.com\/index.php?rest_route=\/wp\/v2\/posts\/2707\/revisions"}],"predecessor-version":[{"id":2714,"href":"https:\/\/levangilealecran.com\/index.php?rest_route=\/wp\/v2\/posts\/2707\/revisions\/2714"}],"wp:attachment":[{"href":"https:\/\/levangilealecran.com\/index.php?rest_route=%2Fwp%2Fv2%2Fmedia&parent=2707"}],"wp:term":[{"taxonomy":"category","embeddable":true,"href":"https:\/\/levangilealecran.com\/index.php?rest_route=%2Fwp%2Fv2%2Fcategories&post=2707"},{"taxonomy":"post_tag","embeddable":true,"href":"https:\/\/levangilealecran.com\/index.php?rest_route=%2Fwp%2Fv2%2Ftags&post=2707"}],"curies":[{"name":"wp","href":"https:\/\/api.w.org\/{rel}","templated":true}]}}