{"id":2699,"date":"2022-12-30T08:00:00","date_gmt":"2022-12-30T07:00:00","guid":{"rendered":"https:\/\/levangilealecran.com\/?p=2699"},"modified":"2022-12-27T13:35:06","modified_gmt":"2022-12-27T12:35:06","slug":"sainte-marie-1er-janvier-2023","status":"publish","type":"post","link":"https:\/\/levangilealecran.com\/?p=2699","title":{"rendered":"Sainte Marie &#8211; 1er janvier 2023"},"content":{"rendered":"\n<blockquote class=\"wp-block-quote is-layout-flow wp-block-quote-is-layout-flow\"><p>\u00ab Marie, cependant, retenait tous ces \u00e9v\u00e9nements et les m\u00e9ditait dans son c\u0153ur. \u00bb<\/p><cite>Luc 2,19<\/cite><\/blockquote>\n\n\n\n<figure class=\"wp-block-image size-large\"><a href=\"https:\/\/levangilealecran.com\/wp-content\/uploads\/2022\/12\/EALE-1er-janvier-2023-Lc2-19.jpg\"><img loading=\"lazy\" decoding=\"async\" width=\"1024\" height=\"682\" src=\"https:\/\/levangilealecran.com\/wp-content\/uploads\/2022\/12\/EALE-1er-janvier-2023-Lc2-19-1024x682.jpg\" alt=\"\" class=\"wp-image-2700\" srcset=\"https:\/\/levangilealecran.com\/wp-content\/uploads\/2022\/12\/EALE-1er-janvier-2023-Lc2-19-1024x682.jpg 1024w, https:\/\/levangilealecran.com\/wp-content\/uploads\/2022\/12\/EALE-1er-janvier-2023-Lc2-19-300x200.jpg 300w, https:\/\/levangilealecran.com\/wp-content\/uploads\/2022\/12\/EALE-1er-janvier-2023-Lc2-19-768x511.jpg 768w, https:\/\/levangilealecran.com\/wp-content\/uploads\/2022\/12\/EALE-1er-janvier-2023-Lc2-19-150x100.jpg 150w, https:\/\/levangilealecran.com\/wp-content\/uploads\/2022\/12\/EALE-1er-janvier-2023-Lc2-19-225x150.jpg 225w, https:\/\/levangilealecran.com\/wp-content\/uploads\/2022\/12\/EALE-1er-janvier-2023-Lc2-19.jpg 1134w\" sizes=\"auto, (max-width: 1024px) 100vw, 1024px\" \/><\/a><\/figure>\n\n\n\n<p class=\"wp-block-paragraph\"><strong>> Le c\u0153ur d\u2019une Maman est comme le sac de Mary Poppins : insondable, empli de tr\u00e9sors, beaucoup plus grand que tout ce que l\u2019entendement humain pourrait simplement imaginer.<\/strong><\/p>\n\n\n\n<p class=\"wp-block-paragraph\"><strong>> Marie est une Maman. Mais comme elle est la m\u00e8re de J\u00e9sus est que J\u00e9sus est Dieu\u2026 on a fait d\u2019elle la m\u00e8re de Dieu. Vertigineux honneur dont elle doit se trouver, aujourd\u2019hui encore, bien intimid\u00e9e. Mais on peut voir les choses par l\u2019autre bout de la lorgnette : Marie est m\u00e8re de J\u00e9sus. Et comme J\u00e9sus est notre fr\u00e8re, elle est notre m\u00e8re aussi, du coup.<\/strong><\/p>\n\n\n\n<p class=\"wp-block-paragraph\"><strong>> En votre nom \u00e0 Chacune et Chacun, j\u2019ai envie de demander \u00e0 notre maman commune de prendre 2022 dans son c\u0153ur, de m\u00e9diter tout ce que nous y avons v\u00e9cu, de retenir tous ces \u00e9v\u00e9nements dans son c\u0153ur, alors que s\u2019ouvrent devant nous les portes de 2023.<\/strong><\/p>\n\n\n\n<p class=\"wp-block-paragraph\"><strong>> Bonne ann\u00e9e \u00e0 vous qui lisez et partagez l\u2019Evangile \u00e0 l\u2019Ecran !<\/strong><\/p>\n","protected":false},"excerpt":{"rendered":"<p>\u00ab Marie, cependant, retenait tous ces \u00e9v\u00e9nements et les m\u00e9ditait dans son c\u0153ur. \u00bb Luc 2,19 > Le c\u0153ur d\u2019une Maman est comme le sac de Mary Poppins : insondable, empli de tr\u00e9sors, beaucoup plus grand que tout ce que l\u2019entendement humain pourrait simplement imaginer. > Marie est une Maman. Mais comme elle est la m\u00e8re de J\u00e9sus est que J\u00e9sus est Dieu\u2026 on a fait d\u2019elle la m\u00e8re de Dieu. Vertigineux honneur dont elle doit se trouver, aujourd\u2019hui encore, bien intimid\u00e9e. Mais on peut voir les choses par l\u2019autre bout de la lorgnette : Marie est m\u00e8re de J\u00e9sus. Et comme J\u00e9sus est notre fr\u00e8re, elle est notre m\u00e8re \u2026 <a class=\"continue-reading-link\" href=\"https:\/\/levangilealecran.com\/?p=2699\"> Continue reading <span class=\"meta-nav\">&rarr; <\/span><\/a><\/p>\n","protected":false},"author":2006,"featured_media":0,"comment_status":"open","ping_status":"open","sticky":false,"template":"","format":"standard","meta":{"footnotes":""},"categories":[4,24,6,201],"tags":[27,21,668],"class_list":["post-2699","post","type-post","status-publish","format-standard","hentry","category-dimanche","category-fetes","category-luc","category-noel","tag-coeur","tag-marie","tag-mere"],"_links":{"self":[{"href":"https:\/\/levangilealecran.com\/index.php?rest_route=\/wp\/v2\/posts\/2699","targetHints":{"allow":["GET"]}}],"collection":[{"href":"https:\/\/levangilealecran.com\/index.php?rest_route=\/wp\/v2\/posts"}],"about":[{"href":"https:\/\/levangilealecran.com\/index.php?rest_route=\/wp\/v2\/types\/post"}],"author":[{"embeddable":true,"href":"https:\/\/levangilealecran.com\/index.php?rest_route=\/wp\/v2\/users\/2006"}],"replies":[{"embeddable":true,"href":"https:\/\/levangilealecran.com\/index.php?rest_route=%2Fwp%2Fv2%2Fcomments&post=2699"}],"version-history":[{"count":1,"href":"https:\/\/levangilealecran.com\/index.php?rest_route=\/wp\/v2\/posts\/2699\/revisions"}],"predecessor-version":[{"id":2701,"href":"https:\/\/levangilealecran.com\/index.php?rest_route=\/wp\/v2\/posts\/2699\/revisions\/2701"}],"wp:attachment":[{"href":"https:\/\/levangilealecran.com\/index.php?rest_route=%2Fwp%2Fv2%2Fmedia&parent=2699"}],"wp:term":[{"taxonomy":"category","embeddable":true,"href":"https:\/\/levangilealecran.com\/index.php?rest_route=%2Fwp%2Fv2%2Fcategories&post=2699"},{"taxonomy":"post_tag","embeddable":true,"href":"https:\/\/levangilealecran.com\/index.php?rest_route=%2Fwp%2Fv2%2Ftags&post=2699"}],"curies":[{"name":"wp","href":"https:\/\/api.w.org\/{rel}","templated":true}]}}