{"id":2687,"date":"2022-12-09T08:00:00","date_gmt":"2022-12-09T07:00:00","guid":{"rendered":"https:\/\/levangilealecran.com\/?p=2687"},"modified":"2022-12-08T14:52:41","modified_gmt":"2022-12-08T13:52:41","slug":"3e-dimanche-de-lavent-a-11-decembre-2022","status":"publish","type":"post","link":"https:\/\/levangilealecran.com\/?p=2687","title":{"rendered":"3e dimanche de l\u2019Avent \u2013 A \u2013 11 d\u00e9cembre 2022"},"content":{"rendered":"\n<blockquote class=\"wp-block-quote is-layout-flow wp-block-quote-is-layout-flow\"><p><em>\u00ab Qu\u2019\u00eates-vous all\u00e9s regarder au d\u00e9sert ? un roseau agit\u00e9 par le vent ?\u00a0\u00bb<\/em><\/p><cite><em>Mat 11,7b<\/em><\/cite><\/blockquote>\n\n\n\n<figure class=\"wp-block-image size-full\"><a href=\"https:\/\/levangilealecran.com\/wp-content\/uploads\/2022\/12\/00EALE.jpg\"><img loading=\"lazy\" decoding=\"async\" width=\"401\" height=\"369\" src=\"https:\/\/levangilealecran.com\/wp-content\/uploads\/2022\/12\/00EALE.jpg\" alt=\"\" class=\"wp-image-2688\" srcset=\"https:\/\/levangilealecran.com\/wp-content\/uploads\/2022\/12\/00EALE.jpg 401w, https:\/\/levangilealecran.com\/wp-content\/uploads\/2022\/12\/00EALE-300x276.jpg 300w, https:\/\/levangilealecran.com\/wp-content\/uploads\/2022\/12\/00EALE-150x138.jpg 150w, https:\/\/levangilealecran.com\/wp-content\/uploads\/2022\/12\/00EALE-163x150.jpg 163w\" sizes=\"auto, (max-width: 401px) 100vw, 401px\" \/><\/a><\/figure>\n\n\n\n<p class=\"wp-block-paragraph\"><strong><em>>\u00a0<\/em>Apr\u00e8s avoir rassur\u00e9 Jean-Baptiste emprisonn\u00e9 sur son identit\u00e9 de Messie attendu &#8211; un Messie gu\u00e9rissant les malades et annon\u00e7ant la Bonne Nouvelle aux pauvres &#8211; J\u00e9sus se met \u00e0 parler \u00e0 la foule de la personne de cet \u00e9trange proph\u00e8te, homme ne vivant que pour la mission re\u00e7ue de Dieu, et cela dans une pauvret\u00e9 apparent\u00e9e \u00e0 l\u2019\u00e2pret\u00e9 du d\u00e9sert. Pour les curieux en qu\u00eate d\u2019extraordinaire, J\u00e9sus utilise l\u2019image de l\u2019inconsistance d\u2019un roseau balanc\u00e9 par le vent, leur d\u00e9montrant la vanit\u00e9 de leur recherche. C\u2019est que la grandeur de Jean r\u00e9side paradoxalement dans son humilit\u00e9, son abaissement devant le Messie qu\u2019il annonce. Les crit\u00e8res humains sont boulevers\u00e9s, l\u2019\u00e9chelle des valeurs renvers\u00e9e\u00a0; tout au long de sa vie publique, J\u00e9sus le manifestera en paroles et en actes\u00a0; il ne cachera jamais son admiration et son amour pour les gens simples et les petits.\u00a0<\/strong><\/p>\n\n\n\n<p class=\"wp-block-paragraph\"><strong>> Nous souvenant de cela, le faux brillant d\u2019un No\u00ebl mondain n\u2019arrivera pas \u00e0 d\u00e9tourner notre regard du\u00a0<em>myst\u00e8re d\u2019un Dieu venu chez nous en pauvre<\/em>.\u00a0<\/strong><\/p>\n","protected":false},"excerpt":{"rendered":"<p>\u00ab Qu\u2019\u00eates-vous all\u00e9s regarder au d\u00e9sert ? un roseau agit\u00e9 par le vent ?\u00a0\u00bb Mat 11,7b >\u00a0Apr\u00e8s avoir rassur\u00e9 Jean-Baptiste emprisonn\u00e9 sur son identit\u00e9 de Messie attendu &#8211; un Messie gu\u00e9rissant les malades et annon\u00e7ant la Bonne Nouvelle aux pauvres &#8211; J\u00e9sus se met \u00e0 parler \u00e0 la foule de la personne de cet \u00e9trange proph\u00e8te, homme ne vivant que pour la mission re\u00e7ue de Dieu, et cela dans une pauvret\u00e9 apparent\u00e9e \u00e0 l\u2019\u00e2pret\u00e9 du d\u00e9sert. Pour les curieux en qu\u00eate d\u2019extraordinaire, J\u00e9sus utilise l\u2019image de l\u2019inconsistance d\u2019un roseau balanc\u00e9 par le vent, leur d\u00e9montrant la vanit\u00e9 de leur recherche. C\u2019est que la grandeur de Jean r\u00e9side paradoxalement dans son \u2026 <a class=\"continue-reading-link\" href=\"https:\/\/levangilealecran.com\/?p=2687\"> Continue reading <span class=\"meta-nav\">&rarr; <\/span><\/a><\/p>\n","protected":false},"author":2006,"featured_media":0,"comment_status":"open","ping_status":"open","sticky":false,"template":"","format":"standard","meta":{"footnotes":""},"categories":[147,4,8],"tags":[289,124,180,325,321,920],"class_list":["post-2687","post","type-post","status-publish","format-standard","hentry","category-avent-2","category-dimanche","category-matthieu","tag-desert","tag-humilite","tag-messie","tag-mystere","tag-petits","tag-renversement"],"_links":{"self":[{"href":"https:\/\/levangilealecran.com\/index.php?rest_route=\/wp\/v2\/posts\/2687","targetHints":{"allow":["GET"]}}],"collection":[{"href":"https:\/\/levangilealecran.com\/index.php?rest_route=\/wp\/v2\/posts"}],"about":[{"href":"https:\/\/levangilealecran.com\/index.php?rest_route=\/wp\/v2\/types\/post"}],"author":[{"embeddable":true,"href":"https:\/\/levangilealecran.com\/index.php?rest_route=\/wp\/v2\/users\/2006"}],"replies":[{"embeddable":true,"href":"https:\/\/levangilealecran.com\/index.php?rest_route=%2Fwp%2Fv2%2Fcomments&post=2687"}],"version-history":[{"count":1,"href":"https:\/\/levangilealecran.com\/index.php?rest_route=\/wp\/v2\/posts\/2687\/revisions"}],"predecessor-version":[{"id":2689,"href":"https:\/\/levangilealecran.com\/index.php?rest_route=\/wp\/v2\/posts\/2687\/revisions\/2689"}],"wp:attachment":[{"href":"https:\/\/levangilealecran.com\/index.php?rest_route=%2Fwp%2Fv2%2Fmedia&parent=2687"}],"wp:term":[{"taxonomy":"category","embeddable":true,"href":"https:\/\/levangilealecran.com\/index.php?rest_route=%2Fwp%2Fv2%2Fcategories&post=2687"},{"taxonomy":"post_tag","embeddable":true,"href":"https:\/\/levangilealecran.com\/index.php?rest_route=%2Fwp%2Fv2%2Ftags&post=2687"}],"curies":[{"name":"wp","href":"https:\/\/api.w.org\/{rel}","templated":true}]}}