{"id":268,"date":"2013-03-15T19:10:42","date_gmt":"2013-03-15T18:10:42","guid":{"rendered":"http:\/\/levangilealecran.com?p=268"},"modified":"2013-03-15T19:14:07","modified_gmt":"2013-03-15T18:14:07","slug":"5e-dimanche-de-careme-c","status":"publish","type":"post","link":"https:\/\/levangilealecran.com\/?p=268","title":{"rendered":"5e dimanche de Car\u00eame &#8211; C"},"content":{"rendered":"<p style=\"text-align: justify;\">\u200e\u00a0\u00bbDans la Loi, Mo\u00efse nous a ordonn\u00e9 de lapider ces femmes-l\u00e0. Et toi (J\u00e9sus), qu&rsquo;en dis-tu ?\u00a0\u00bb (Jn 8, 5)<\/p>\n<p style=\"text-align: justify;\"><strong>&gt; Quel sens donnons-nous \u00e0 nos actes? Sont-ils simplement un respect de la Loi ou s&rsquo;ancrent-ils plus profond\u00e9ment en Dieu? Nous nous proposons cette semaine de r\u00e9fl\u00e9chir justement au sens de nos actes et de nos choix. Qu&rsquo;est-ce qui occupe la premi\u00e8re place dans notre vie, dans notre c\u0153ur\u2026 ?<\/strong><\/p>\n","protected":false},"excerpt":{"rendered":"<p>\u200e\u00a0\u00bbDans la Loi, Mo\u00efse nous a ordonn\u00e9 de lapider ces femmes-l\u00e0. Et toi (J\u00e9sus), qu&rsquo;en dis-tu ?\u00a0\u00bb (Jn 8, 5) &gt; Quel sens donnons-nous \u00e0 nos actes? Sont-ils simplement un respect de la Loi ou s&rsquo;ancrent-ils plus profond\u00e9ment en Dieu? Nous nous proposons cette semaine de r\u00e9fl\u00e9chir justement au sens de nos actes et de nos choix. Qu&rsquo;est-ce qui occupe la premi\u00e8re place dans notre vie, dans notre c\u0153ur\u2026 ?<\/p>\n","protected":false},"author":1,"featured_media":0,"comment_status":"open","ping_status":"open","sticky":false,"template":"","format":"standard","meta":{"footnotes":""},"categories":[44,5],"tags":[56,430,57],"class_list":["post-268","post","type-post","status-publish","format-standard","hentry","category-careme","category-jean","tag-actes","tag-jean","tag-loi"],"_links":{"self":[{"href":"https:\/\/levangilealecran.com\/index.php?rest_route=\/wp\/v2\/posts\/268","targetHints":{"allow":["GET"]}}],"collection":[{"href":"https:\/\/levangilealecran.com\/index.php?rest_route=\/wp\/v2\/posts"}],"about":[{"href":"https:\/\/levangilealecran.com\/index.php?rest_route=\/wp\/v2\/types\/post"}],"author":[{"embeddable":true,"href":"https:\/\/levangilealecran.com\/index.php?rest_route=\/wp\/v2\/users\/1"}],"replies":[{"embeddable":true,"href":"https:\/\/levangilealecran.com\/index.php?rest_route=%2Fwp%2Fv2%2Fcomments&post=268"}],"version-history":[{"count":2,"href":"https:\/\/levangilealecran.com\/index.php?rest_route=\/wp\/v2\/posts\/268\/revisions"}],"predecessor-version":[{"id":270,"href":"https:\/\/levangilealecran.com\/index.php?rest_route=\/wp\/v2\/posts\/268\/revisions\/270"}],"wp:attachment":[{"href":"https:\/\/levangilealecran.com\/index.php?rest_route=%2Fwp%2Fv2%2Fmedia&parent=268"}],"wp:term":[{"taxonomy":"category","embeddable":true,"href":"https:\/\/levangilealecran.com\/index.php?rest_route=%2Fwp%2Fv2%2Fcategories&post=268"},{"taxonomy":"post_tag","embeddable":true,"href":"https:\/\/levangilealecran.com\/index.php?rest_route=%2Fwp%2Fv2%2Ftags&post=268"}],"curies":[{"name":"wp","href":"https:\/\/api.w.org\/{rel}","templated":true}]}}