{"id":2676,"date":"2022-11-11T08:00:00","date_gmt":"2022-11-11T07:00:00","guid":{"rendered":"https:\/\/levangilealecran.com\/?p=2676"},"modified":"2022-11-10T15:13:03","modified_gmt":"2022-11-10T14:13:03","slug":"33e-dimanche-du-temps-ordinaire-c-13-novembre-2022","status":"publish","type":"post","link":"https:\/\/levangilealecran.com\/?p=2676","title":{"rendered":"33e dimanche du Temps ordinaire \u2013 C \u2013 13 novembre 2022"},"content":{"rendered":"\n<blockquote class=\"wp-block-quote is-style-default is-layout-flow wp-block-quote-is-layout-flow\"><p>\u00ab\u00a0Prenez garde de ne pas vous laisser \u00e9garer, car beaucoup viendront sous mon nom, et diront : \u2018C\u2019est moi\u2019. Ne marchez pas derri\u00e8re eux !\u00a0\u00bb<\/p><cite>(Luc 21, 8)<\/cite><\/blockquote>\n\n\n\n<figure class=\"wp-block-image size-full is-resized\"><a href=\"https:\/\/levangilealecran.com\/wp-content\/uploads\/2022\/11\/20221113_Lc218.png\"><img loading=\"lazy\" decoding=\"async\" src=\"https:\/\/levangilealecran.com\/wp-content\/uploads\/2022\/11\/20221113_Lc218.png\" alt=\"\" class=\"wp-image-2677\" width=\"600\" height=\"600\" srcset=\"https:\/\/levangilealecran.com\/wp-content\/uploads\/2022\/11\/20221113_Lc218.png 1200w, https:\/\/levangilealecran.com\/wp-content\/uploads\/2022\/11\/20221113_Lc218-300x300.png 300w, https:\/\/levangilealecran.com\/wp-content\/uploads\/2022\/11\/20221113_Lc218-1024x1024.png 1024w, https:\/\/levangilealecran.com\/wp-content\/uploads\/2022\/11\/20221113_Lc218-150x150.png 150w, https:\/\/levangilealecran.com\/wp-content\/uploads\/2022\/11\/20221113_Lc218-768x768.png 768w\" sizes=\"auto, (max-width: 600px) 100vw, 600px\" \/><\/a><\/figure>\n\n\n\n<blockquote class=\"wp-block-quote is-style-default is-layout-flow wp-block-quote-is-layout-flow\"><p><strong>> C&rsquo;est saint et bon que J\u00e9sus lui-m\u00eame nous avertisse des d\u00e9rives possibles quand on en vient \u00e0 parler de spiritualit\u00e9 et de foi. <br>J\u00e9sus parle de la destruction du temple qui arrivera 37 ans apr\u00e8s sa mort et resurrection. Il parle d&rsquo;un temps troubl\u00e9, o\u00f9 les r\u00e9f\u00e9rences religieuses tombent. Cela semble tellement contemporain dans une soci\u00e9t\u00e9 qui se d\u00e9christianise, ou les \u00e9glises dites historiques peinent \u00e0 rassembler et ou des pans entiers semblent s&rsquo;effondrer. Dans ces temps d&rsquo;incertitude, o\u00f9 l&rsquo;on ne sait peut-\u00eatre plus o\u00f9 regarder, des figures peuvent \u00e9merger et s&rsquo;\u00e9riger \u00ab\u00a0sauveur\u00a0\u00bb en proposent LA seule solution : la leur&#8230;<br>> Sachons nous tourner vers le seul et unique Christ, et prions l&rsquo;Esprit de nous aider \u00e0 discerner par qui et comment il est repr\u00e9sent\u00e9. Tournons nos yeux vers les millions de chr\u00e9tiens dans le monde qui vivent et promeuvent l&rsquo;Evangile chacun et chacune \u00e0 leur fa\u00e7on &#8211; discr\u00e8te ou non &#8211; qui par le service, la solidarit\u00e9, la pri\u00e8re, l&rsquo;accueil, l&rsquo;annonce donnent esp\u00e9rance et permettent au Dieu vivant de trouver un chemin vers les c\u0153urs de tous et toutes.<\/strong><\/p><\/blockquote>\n","protected":false},"excerpt":{"rendered":"<p>\u00ab\u00a0Prenez garde de ne pas vous laisser \u00e9garer, car beaucoup viendront sous mon nom, et diront : \u2018C\u2019est moi\u2019. Ne marchez pas derri\u00e8re eux !\u00a0\u00bb (Luc 21, 8) > C&rsquo;est saint et bon que J\u00e9sus lui-m\u00eame nous avertisse des d\u00e9rives possibles quand on en vient \u00e0 parler de spiritualit\u00e9 et de foi. J\u00e9sus parle de la destruction du temple qui arrivera 37 ans apr\u00e8s sa mort et resurrection. Il parle d&rsquo;un temps troubl\u00e9, o\u00f9 les r\u00e9f\u00e9rences religieuses tombent. Cela semble tellement contemporain dans une soci\u00e9t\u00e9 qui se d\u00e9christianise, ou les \u00e9glises dites historiques peinent \u00e0 rassembler et ou des pans entiers semblent s&rsquo;effondrer. Dans ces temps d&rsquo;incertitude, o\u00f9 l&rsquo;on ne \u2026 <a class=\"continue-reading-link\" href=\"https:\/\/levangilealecran.com\/?p=2676\"> Continue reading <span class=\"meta-nav\">&rarr; <\/span><\/a><\/p>\n","protected":false},"author":2005,"featured_media":0,"comment_status":"open","ping_status":"open","sticky":false,"template":"","format":"standard","meta":{"footnotes":""},"categories":[4,6],"tags":[917,50,232],"class_list":["post-2676","post","type-post","status-publish","format-standard","hentry","category-dimanche","category-luc","tag-avertissement","tag-esperance","tag-suivre"],"_links":{"self":[{"href":"https:\/\/levangilealecran.com\/index.php?rest_route=\/wp\/v2\/posts\/2676","targetHints":{"allow":["GET"]}}],"collection":[{"href":"https:\/\/levangilealecran.com\/index.php?rest_route=\/wp\/v2\/posts"}],"about":[{"href":"https:\/\/levangilealecran.com\/index.php?rest_route=\/wp\/v2\/types\/post"}],"author":[{"embeddable":true,"href":"https:\/\/levangilealecran.com\/index.php?rest_route=\/wp\/v2\/users\/2005"}],"replies":[{"embeddable":true,"href":"https:\/\/levangilealecran.com\/index.php?rest_route=%2Fwp%2Fv2%2Fcomments&post=2676"}],"version-history":[{"count":1,"href":"https:\/\/levangilealecran.com\/index.php?rest_route=\/wp\/v2\/posts\/2676\/revisions"}],"predecessor-version":[{"id":2678,"href":"https:\/\/levangilealecran.com\/index.php?rest_route=\/wp\/v2\/posts\/2676\/revisions\/2678"}],"wp:attachment":[{"href":"https:\/\/levangilealecran.com\/index.php?rest_route=%2Fwp%2Fv2%2Fmedia&parent=2676"}],"wp:term":[{"taxonomy":"category","embeddable":true,"href":"https:\/\/levangilealecran.com\/index.php?rest_route=%2Fwp%2Fv2%2Fcategories&post=2676"},{"taxonomy":"post_tag","embeddable":true,"href":"https:\/\/levangilealecran.com\/index.php?rest_route=%2Fwp%2Fv2%2Ftags&post=2676"}],"curies":[{"name":"wp","href":"https:\/\/api.w.org\/{rel}","templated":true}]}}