{"id":2672,"date":"2022-11-18T08:00:00","date_gmt":"2022-11-18T07:00:00","guid":{"rendered":"https:\/\/levangilealecran.com\/?p=2672"},"modified":"2022-11-08T15:05:27","modified_gmt":"2022-11-08T14:05:27","slug":"christ-roi-c-20-novembre-2022","status":"publish","type":"post","link":"https:\/\/levangilealecran.com\/?p=2672","title":{"rendered":"Christ Roi &#8211; C &#8211; 20 novembre 2022"},"content":{"rendered":"\n<blockquote class=\"wp-block-quote is-layout-flow wp-block-quote-is-layout-flow\"><p><em>\u00ab\u00a0J\u00e9sus, souviens-toi de moi quand tu viendras dans ton Royaume \u00bb<\/em><\/p><cite><em>Luc 23,42<\/em><\/cite><\/blockquote>\n\n\n\n<figure class=\"wp-block-image size-full\"><a href=\"https:\/\/levangilealecran.com\/wp-content\/uploads\/2022\/11\/ImageEvEcr2022_11_18.jpg\"><img loading=\"lazy\" decoding=\"async\" width=\"600\" height=\"600\" src=\"https:\/\/levangilealecran.com\/wp-content\/uploads\/2022\/11\/ImageEvEcr2022_11_18.jpg\" alt=\"\" class=\"wp-image-2673\" srcset=\"https:\/\/levangilealecran.com\/wp-content\/uploads\/2022\/11\/ImageEvEcr2022_11_18.jpg 600w, https:\/\/levangilealecran.com\/wp-content\/uploads\/2022\/11\/ImageEvEcr2022_11_18-300x300.jpg 300w, https:\/\/levangilealecran.com\/wp-content\/uploads\/2022\/11\/ImageEvEcr2022_11_18-150x150.jpg 150w\" sizes=\"auto, (max-width: 600px) 100vw, 600px\" \/><\/a><\/figure>\n\n\n\n<p class=\"wp-block-paragraph\"><strong>> En disant ces quelques mots, le second malfaiteur se r\u00e9v\u00e8le doublement. D\u2019une part, malgr\u00e9 son statut peu enviable, il se positionne en tant que croyant, le premier qui confesse que ce J\u00e9sus sur la croix va devenir le Christ. D\u2019autre part, il ne demande pas de le sauver, mais de ne pas l\u2019oublier. Avec humilit\u00e9, il dit ainsi la pri\u00e8re du pauvre, qui dans ses souffrances, demande au Seigneur de ne pas l\u2019oublier dans son Royaume.<\/strong><\/p>\n\n\n\n<p class=\"wp-block-paragraph\"><strong>> Nous aussi, chaque fois que nous nous sentons seuls, dans la souffrance ou l\u2019injustice, face au non-sens des croix du monde, nous pouvons dire\u00a0: \u00ab\u00a0souviens-toi de nous\u00a0\u00bb, rappelant le Christ crucifi\u00e9 \u00e0 nos c\u00f4t\u00e9s. En m\u00e9ditant ainsi ce verset, par exemple avec son chant de Taiz\u00e9 (<a href=\"https:\/\/www.youtube.com\/watch?v=D3AhrNBpWDY\">https:\/\/www.youtube.com\/watch?v=D3AhrNBpWDY<\/a>), nous pouvons nous aussi placer devant les croix du monde, ou nos croix personnelles, l\u2019esp\u00e9rance en Christ.<\/strong><\/p>\n","protected":false},"excerpt":{"rendered":"<p>\u00ab\u00a0J\u00e9sus, souviens-toi de moi quand tu viendras dans ton Royaume \u00bb Luc 23,42 > En disant ces quelques mots, le second malfaiteur se r\u00e9v\u00e8le doublement. D\u2019une part, malgr\u00e9 son statut peu enviable, il se positionne en tant que croyant, le premier qui confesse que ce J\u00e9sus sur la croix va devenir le Christ. D\u2019autre part, il ne demande pas de le sauver, mais de ne pas l\u2019oublier. Avec humilit\u00e9, il dit ainsi la pri\u00e8re du pauvre, qui dans ses souffrances, demande au Seigneur de ne pas l\u2019oublier dans son Royaume. > Nous aussi, chaque fois que nous nous sentons seuls, dans la souffrance ou l\u2019injustice, face au non-sens des croix \u2026 <a class=\"continue-reading-link\" href=\"https:\/\/levangilealecran.com\/?p=2672\"> Continue reading <span class=\"meta-nav\">&rarr; <\/span><\/a><\/p>\n","protected":false},"author":2006,"featured_media":0,"comment_status":"open","ping_status":"open","sticky":false,"template":"","format":"standard","meta":{"footnotes":""},"categories":[4,6],"tags":[53,68,124,913,916],"class_list":["post-2672","post","type-post","status-publish","format-standard","hentry","category-dimanche","category-luc","tag-christ","tag-croix","tag-humilite","tag-pauvre","tag-souvenir"],"_links":{"self":[{"href":"https:\/\/levangilealecran.com\/index.php?rest_route=\/wp\/v2\/posts\/2672","targetHints":{"allow":["GET"]}}],"collection":[{"href":"https:\/\/levangilealecran.com\/index.php?rest_route=\/wp\/v2\/posts"}],"about":[{"href":"https:\/\/levangilealecran.com\/index.php?rest_route=\/wp\/v2\/types\/post"}],"author":[{"embeddable":true,"href":"https:\/\/levangilealecran.com\/index.php?rest_route=\/wp\/v2\/users\/2006"}],"replies":[{"embeddable":true,"href":"https:\/\/levangilealecran.com\/index.php?rest_route=%2Fwp%2Fv2%2Fcomments&post=2672"}],"version-history":[{"count":1,"href":"https:\/\/levangilealecran.com\/index.php?rest_route=\/wp\/v2\/posts\/2672\/revisions"}],"predecessor-version":[{"id":2674,"href":"https:\/\/levangilealecran.com\/index.php?rest_route=\/wp\/v2\/posts\/2672\/revisions\/2674"}],"wp:attachment":[{"href":"https:\/\/levangilealecran.com\/index.php?rest_route=%2Fwp%2Fv2%2Fmedia&parent=2672"}],"wp:term":[{"taxonomy":"category","embeddable":true,"href":"https:\/\/levangilealecran.com\/index.php?rest_route=%2Fwp%2Fv2%2Fcategories&post=2672"},{"taxonomy":"post_tag","embeddable":true,"href":"https:\/\/levangilealecran.com\/index.php?rest_route=%2Fwp%2Fv2%2Ftags&post=2672"}],"curies":[{"name":"wp","href":"https:\/\/api.w.org\/{rel}","templated":true}]}}