{"id":2669,"date":"2022-11-04T08:00:00","date_gmt":"2022-11-04T07:00:00","guid":{"rendered":"https:\/\/levangilealecran.com\/?p=2669"},"modified":"2022-11-03T21:34:40","modified_gmt":"2022-11-03T20:34:40","slug":"32e-dimanche-du-temps-ordinaire-c-6-novembre-2022","status":"publish","type":"post","link":"https:\/\/levangilealecran.com\/?p=2669","title":{"rendered":"32e dimanche du Temps ordinaire \u2013 C \u2013 6 novembre 2022"},"content":{"rendered":"\n<blockquote class=\"wp-block-quote is-layout-flow wp-block-quote-is-layout-flow\"><p>\u00ab Que les morts se r\u00e9veillent, c\u2019est ce que Mo\u00efse a signal\u00e9 \u00e0 propos du buisson, quand il appelle le Seigneur Dieu d\u2019Abraham, d\u2019Isaac et de Jacob \u00bb<\/p><cite>Luc 20,37<\/cite><\/blockquote>\n\n\n\n<figure class=\"wp-block-image size-full\"><a href=\"https:\/\/levangilealecran.com\/wp-content\/uploads\/2022\/11\/stencil.facebook-ad-carousel.jpg\"><img loading=\"lazy\" decoding=\"async\" width=\"600\" height=\"600\" src=\"https:\/\/levangilealecran.com\/wp-content\/uploads\/2022\/11\/stencil.facebook-ad-carousel.jpg\" alt=\"\" class=\"wp-image-2670\" srcset=\"https:\/\/levangilealecran.com\/wp-content\/uploads\/2022\/11\/stencil.facebook-ad-carousel.jpg 600w, https:\/\/levangilealecran.com\/wp-content\/uploads\/2022\/11\/stencil.facebook-ad-carousel-300x300.jpg 300w, https:\/\/levangilealecran.com\/wp-content\/uploads\/2022\/11\/stencil.facebook-ad-carousel-150x150.jpg 150w\" sizes=\"auto, (max-width: 600px) 100vw, 600px\" \/><\/a><\/figure>\n\n\n\n<p class=\"wp-block-paragraph\"><strong>> J\u00e9sus ne se laisse pas entra\u00eener au ras des p\u00e2querettes par les Saduc\u00e9ens qui essaient de couper les cheveux en quatre par rapport \u00e0 des d\u00e9tails mortif\u00e8res autour du concept de r\u00e9surrection ! Non, il les emm\u00e8ne plus loin en leur faisant voir la Vie promise qui s\u2019ancre dans les patriarches et leur pr\u00e9sence si \u00e9vidente dans le buisson ardent de Mo\u00efse.<\/strong><\/p>\n\n\n\n<p class=\"wp-block-paragraph\"><strong>> J\u2019ai repens\u00e9 \u00e0 cette \u00e9mission de Temps Pr\u00e9sent de la semaine pass\u00e9e, o\u00f9 on entendait des t\u00e9moignages de V\u00e9cu subjectif de contact avec un d\u00e9funt ; au buisson ardent, Mo\u00efse prend conscience de la Vie de ceux qui sont morts et que ce Dieu qui dit \u00ab Je suis \u00bb est bel et bien le Dieu des vivants ! C\u2019est une v\u00e9ritable exp\u00e9rience spirituelle.<\/strong><\/p>\n\n\n\n<p class=\"wp-block-paragraph\"><strong>> En cette semaine o\u00f9 nous avons fait m\u00e9moire de nos d\u00e9funts, chacun \u00e0 notre mani\u00e8re, pensons \u00e0 eux avec la louange aux l\u00e8vres :<\/strong><\/p>\n\n\n\n<p class=\"wp-block-paragraph\"><strong>\u00ab Merci pour les vivants <\/strong><br><strong>qui ont travers\u00e9 notre vie<\/strong><br><strong>en d\u00e9posant la tendresse<\/strong><br><strong>dans le d\u00e9roulement de nos jours.<\/strong><br><strong>Sans eux, notre existence serait rest\u00e9e<\/strong><br><strong>une longue marche solitaire et vide.<\/strong><br><strong>Merci pour leur amour,<\/strong><br><strong>leur pr\u00e9sence et leur regard,<\/strong><br><strong>ils nous ont fait na\u00eetre<\/strong><br><strong>\u00e0 la vie de chaque jour.<\/strong><br><strong>Merci pour l\u2019esp\u00e9rance<\/strong><br><strong>que tu enracines en nous<\/strong><br><strong>gr\u00e2ce \u00e0 J\u00e9sus, le Vivant, ton Fils,<\/strong><br><strong>passeur de toutes les nuitset de toutes les morts. \u00bb<br>(pri\u00e8re d\u2019Inge Ganzevoort)<\/strong><\/p>\n","protected":false},"excerpt":{"rendered":"<p>\u00ab Que les morts se r\u00e9veillent, c\u2019est ce que Mo\u00efse a signal\u00e9 \u00e0 propos du buisson, quand il appelle le Seigneur Dieu d\u2019Abraham, d\u2019Isaac et de Jacob \u00bb Luc 20,37 > J\u00e9sus ne se laisse pas entra\u00eener au ras des p\u00e2querettes par les Saduc\u00e9ens qui essaient de couper les cheveux en quatre par rapport \u00e0 des d\u00e9tails mortif\u00e8res autour du concept de r\u00e9surrection ! Non, il les emm\u00e8ne plus loin en leur faisant voir la Vie promise qui s\u2019ancre dans les patriarches et leur pr\u00e9sence si \u00e9vidente dans le buisson ardent de Mo\u00efse. > J\u2019ai repens\u00e9 \u00e0 cette \u00e9mission de Temps Pr\u00e9sent de la semaine pass\u00e9e, o\u00f9 on entendait des \u2026 <a class=\"continue-reading-link\" href=\"https:\/\/levangilealecran.com\/?p=2669\"> Continue reading <span class=\"meta-nav\">&rarr; <\/span><\/a><\/p>\n","protected":false},"author":2006,"featured_media":0,"comment_status":"open","ping_status":"open","sticky":false,"template":"","format":"standard","meta":{"footnotes":""},"categories":[4,6],"tags":[915,914,235,55,52],"class_list":["post-2669","post","type-post","status-publish","format-standard","hentry","category-dimanche","category-luc","tag-buisson","tag-moise","tag-mort","tag-resurrection","tag-vie"],"_links":{"self":[{"href":"https:\/\/levangilealecran.com\/index.php?rest_route=\/wp\/v2\/posts\/2669","targetHints":{"allow":["GET"]}}],"collection":[{"href":"https:\/\/levangilealecran.com\/index.php?rest_route=\/wp\/v2\/posts"}],"about":[{"href":"https:\/\/levangilealecran.com\/index.php?rest_route=\/wp\/v2\/types\/post"}],"author":[{"embeddable":true,"href":"https:\/\/levangilealecran.com\/index.php?rest_route=\/wp\/v2\/users\/2006"}],"replies":[{"embeddable":true,"href":"https:\/\/levangilealecran.com\/index.php?rest_route=%2Fwp%2Fv2%2Fcomments&post=2669"}],"version-history":[{"count":1,"href":"https:\/\/levangilealecran.com\/index.php?rest_route=\/wp\/v2\/posts\/2669\/revisions"}],"predecessor-version":[{"id":2671,"href":"https:\/\/levangilealecran.com\/index.php?rest_route=\/wp\/v2\/posts\/2669\/revisions\/2671"}],"wp:attachment":[{"href":"https:\/\/levangilealecran.com\/index.php?rest_route=%2Fwp%2Fv2%2Fmedia&parent=2669"}],"wp:term":[{"taxonomy":"category","embeddable":true,"href":"https:\/\/levangilealecran.com\/index.php?rest_route=%2Fwp%2Fv2%2Fcategories&post=2669"},{"taxonomy":"post_tag","embeddable":true,"href":"https:\/\/levangilealecran.com\/index.php?rest_route=%2Fwp%2Fv2%2Ftags&post=2669"}],"curies":[{"name":"wp","href":"https:\/\/api.w.org\/{rel}","templated":true}]}}