{"id":2663,"date":"2022-10-28T08:00:00","date_gmt":"2022-10-28T06:00:00","guid":{"rendered":"https:\/\/levangilealecran.com\/?p=2663"},"modified":"2022-10-27T18:32:42","modified_gmt":"2022-10-27T16:32:42","slug":"31e-dimanche-du-temps-ordinaire-c-30-octobre-2022","status":"publish","type":"post","link":"https:\/\/levangilealecran.com\/?p=2663","title":{"rendered":"31e dimanche du Temps ordinaire \u2013 C \u2013 30 octobre 2022"},"content":{"rendered":"\n<p class=\"wp-block-paragraph\">Il cherchait \u00e0 voir qui \u00e9tait J\u00e9sus.<\/p>\n\n\n\n<p class=\"wp-block-paragraph\">(Luc 19,3)<\/p>\n\n\n\n<figure class=\"wp-block-image size-full is-resized\"><a href=\"https:\/\/levangilealecran.com\/wp-content\/uploads\/2022\/10\/stencil.facebook-ad-carousel.png\"><img loading=\"lazy\" decoding=\"async\" src=\"https:\/\/levangilealecran.com\/wp-content\/uploads\/2022\/10\/stencil.facebook-ad-carousel.png\" alt=\"\" class=\"wp-image-2664\" width=\"600\" height=\"600\" srcset=\"https:\/\/levangilealecran.com\/wp-content\/uploads\/2022\/10\/stencil.facebook-ad-carousel.png 1200w, https:\/\/levangilealecran.com\/wp-content\/uploads\/2022\/10\/stencil.facebook-ad-carousel-300x300.png 300w, https:\/\/levangilealecran.com\/wp-content\/uploads\/2022\/10\/stencil.facebook-ad-carousel-1024x1024.png 1024w, https:\/\/levangilealecran.com\/wp-content\/uploads\/2022\/10\/stencil.facebook-ad-carousel-150x150.png 150w, https:\/\/levangilealecran.com\/wp-content\/uploads\/2022\/10\/stencil.facebook-ad-carousel-768x768.png 768w\" sizes=\"auto, (max-width: 600px) 100vw, 600px\" \/><\/a><figcaption><em>(image : J\u00e9richo, \u00e9glise Saint Zach\u00e9e &#8211; Saint Andr\u00e9, rideau brod\u00e9 de l\u2019iconostase)<\/em><\/figcaption><\/figure>\n\n\n\n<p class=\"wp-block-paragraph\">Un texte mille fois comment\u00e9 et pourtant in\u00e9puisable. Le personnage si attachant de Zach\u00e9e nous parle, car il rejoint notre propre histoire. Qui de nous ne porte pas au fond de lui, et parfois depuis son enfance, le d\u00e9sir de voir qui est ce J\u00e9sus dont nous parlent les Evangiles ? Chercher \u00e0 le voir, \u00e0 mieux le conna\u00eetre et \u00e0 le rencontrer.<br>Dans l\u2019\u00e9pisode de ce dimanche il se pr\u00e9sente comme Celui qui est venu chercher et sauver ce qui \u00e9tait perdu. Zach\u00e9e n\u2019a pas eu le temps de lui exprimer son d\u00e9sir ; J\u00e9sus le pr\u00e9c\u00e8de : \u00ab Aujourd\u2019hui, il faut que j\u2019aille demeurer dans ta maison. \u00bb<br><strong>>N\u2019est-ce pas ainsi pour l\u2019histoire de nos vocations, aussi diverses qu\u2019elles soient ?<br>Nous pensions chercher J\u00e9sus, alors que c\u2019est Lui qui nous cherchait depuis toujours ?<br>Souvenons-nous de Jn 15,16 : \u00ab Ce n\u2019est pas vous qui m\u2019avez choisi, c\u2019est moi\u2026 \u00bb<\/strong><\/p>\n","protected":false},"excerpt":{"rendered":"<p>Il cherchait \u00e0 voir qui \u00e9tait J\u00e9sus. (Luc 19,3) Un texte mille fois comment\u00e9 et pourtant in\u00e9puisable. Le personnage si attachant de Zach\u00e9e nous parle, car il rejoint notre propre histoire. Qui de nous ne porte pas au fond de lui, et parfois depuis son enfance, le d\u00e9sir de voir qui est ce J\u00e9sus dont nous parlent les Evangiles ? Chercher \u00e0 le voir, \u00e0 mieux le conna\u00eetre et \u00e0 le rencontrer.Dans l\u2019\u00e9pisode de ce dimanche il se pr\u00e9sente comme Celui qui est venu chercher et sauver ce qui \u00e9tait perdu. Zach\u00e9e n\u2019a pas eu le temps de lui exprimer son d\u00e9sir ; J\u00e9sus le pr\u00e9c\u00e8de : \u00ab Aujourd\u2019hui, il \u2026 <a class=\"continue-reading-link\" href=\"https:\/\/levangilealecran.com\/?p=2663\"> Continue reading <span class=\"meta-nav\">&rarr; <\/span><\/a><\/p>\n","protected":false},"author":2005,"featured_media":0,"comment_status":"open","ping_status":"open","sticky":false,"template":"","format":"standard","meta":{"footnotes":""},"categories":[4,6,1],"tags":[700,230],"class_list":["post-2663","post","type-post","status-publish","format-standard","hentry","category-dimanche","category-luc","category-sanscategorie","tag-chercher","tag-voir"],"_links":{"self":[{"href":"https:\/\/levangilealecran.com\/index.php?rest_route=\/wp\/v2\/posts\/2663","targetHints":{"allow":["GET"]}}],"collection":[{"href":"https:\/\/levangilealecran.com\/index.php?rest_route=\/wp\/v2\/posts"}],"about":[{"href":"https:\/\/levangilealecran.com\/index.php?rest_route=\/wp\/v2\/types\/post"}],"author":[{"embeddable":true,"href":"https:\/\/levangilealecran.com\/index.php?rest_route=\/wp\/v2\/users\/2005"}],"replies":[{"embeddable":true,"href":"https:\/\/levangilealecran.com\/index.php?rest_route=%2Fwp%2Fv2%2Fcomments&post=2663"}],"version-history":[{"count":3,"href":"https:\/\/levangilealecran.com\/index.php?rest_route=\/wp\/v2\/posts\/2663\/revisions"}],"predecessor-version":[{"id":2667,"href":"https:\/\/levangilealecran.com\/index.php?rest_route=\/wp\/v2\/posts\/2663\/revisions\/2667"}],"wp:attachment":[{"href":"https:\/\/levangilealecran.com\/index.php?rest_route=%2Fwp%2Fv2%2Fmedia&parent=2663"}],"wp:term":[{"taxonomy":"category","embeddable":true,"href":"https:\/\/levangilealecran.com\/index.php?rest_route=%2Fwp%2Fv2%2Fcategories&post=2663"},{"taxonomy":"post_tag","embeddable":true,"href":"https:\/\/levangilealecran.com\/index.php?rest_route=%2Fwp%2Fv2%2Ftags&post=2663"}],"curies":[{"name":"wp","href":"https:\/\/api.w.org\/{rel}","templated":true}]}}