{"id":2658,"date":"2022-10-21T08:00:00","date_gmt":"2022-10-21T06:00:00","guid":{"rendered":"https:\/\/levangilealecran.com\/?p=2658"},"modified":"2022-10-19T18:13:37","modified_gmt":"2022-10-19T16:13:37","slug":"30e-dimanche-du-temps-ordinaire-c-23-octobre-2022","status":"publish","type":"post","link":"https:\/\/levangilealecran.com\/?p=2658","title":{"rendered":"30e dimanche du Temps ordinaire \u2013 C \u2013 23 octobre 2022"},"content":{"rendered":"\n<blockquote class=\"wp-block-quote is-layout-flow wp-block-quote-is-layout-flow\"><p>\u00ab&nbsp;Qui s\u2019\u00e9l\u00e8ve sera abaiss\u00e9&nbsp;; qui s\u2019abaisse sera \u00e9lev\u00e9. \u00bb<\/p><cite>Luc 18,14<\/cite><\/blockquote>\n\n\n\n<figure class=\"wp-block-image size-large\"><a href=\"https:\/\/levangilealecran.com\/wp-content\/uploads\/2022\/10\/Lc-18-14.jpg\"><img loading=\"lazy\" decoding=\"async\" width=\"1024\" height=\"683\" src=\"https:\/\/levangilealecran.com\/wp-content\/uploads\/2022\/10\/Lc-18-14-1024x683.jpg\" alt=\"\" class=\"wp-image-2660\" srcset=\"https:\/\/levangilealecran.com\/wp-content\/uploads\/2022\/10\/Lc-18-14-1024x683.jpg 1024w, https:\/\/levangilealecran.com\/wp-content\/uploads\/2022\/10\/Lc-18-14-300x200.jpg 300w, https:\/\/levangilealecran.com\/wp-content\/uploads\/2022\/10\/Lc-18-14-768x512.jpg 768w, https:\/\/levangilealecran.com\/wp-content\/uploads\/2022\/10\/Lc-18-14-150x100.jpg 150w, https:\/\/levangilealecran.com\/wp-content\/uploads\/2022\/10\/Lc-18-14-225x150.jpg 225w, https:\/\/levangilealecran.com\/wp-content\/uploads\/2022\/10\/Lc-18-14.jpg 1130w\" sizes=\"auto, (max-width: 1024px) 100vw, 1024px\" \/><\/a><\/figure>\n\n\n\n<p class=\"wp-block-paragraph\"><strong>&gt; Quand je relis ce c\u00e9l\u00e8bre verset biblique, me revient sans cesse en t\u00eate la fin de la c\u00e9l\u00e8bre tirade des \u00ab&nbsp;non merci&nbsp;\u00bb dans le \u00ab&nbsp;Cyrano de Bergerac&nbsp;\u00bb d\u2019Edmond Rostand&nbsp;:<\/strong><\/p>\n\n\n\n<p class=\"wp-block-paragraph\"><strong>\u00ab&nbsp;<em>N\u2019\u00e9crire jamais rien qui de soi ne sort\u00eet,<br>Et modeste d\u2019ailleurs, se dire&nbsp;: mon petit,<br>Sois satisfait des fleurs, des fruits, m\u00eame des feuilles,<br>Si c\u2019est dans ton jardin \u00e0 toi que tu les cueilles&nbsp;!<br>Puis, s\u2019il advient d\u2019un peu triompher, par hasard,<br>Ne pas \u00eatre oblig\u00e9 d\u2019en rien rendre \u00e0 C\u00e9sar,<br>Vis-\u00e0-vis de soi-m\u00eame en garder le m\u00e9rite,<br>Bref, d\u00e9daignant d\u2019\u00eatre le lierre parasite,<br>Lors m\u00eame qu\u2019on n\u2019est pas le ch\u00eane ou le tilleul,<br>Ne pas monter bien haut, peut-\u00eatre, mais tout seul&nbsp;!<\/em>&nbsp;\u00bb<\/strong><\/p>\n\n\n\n<p class=\"wp-block-paragraph\"><strong>&gt; Mais il y manque la dimension de foi&nbsp;: quand quelqu\u2019un reste humble et modeste, il ne monte pas bien haut, certes. Il s\u2019abaisse, m\u00eame. Mais c\u2019est alors que Dieu l\u2019\u00e9l\u00e8ve. Il monte donc beaucoup plus haut que ce qu\u2019il imaginait.<\/strong><\/p>\n\n\n\n<p class=\"wp-block-paragraph\"><strong>&gt; Essayons donc de ne pas rechercher les hauteurs mondaines qui n\u2019ont pas grand-chose \u00e0 faire avec l\u2019Evangile, mais laissons-nous \u00e9lever par Dieu depuis nos faiblesses humaines.<\/strong><\/p>\n","protected":false},"excerpt":{"rendered":"<p>\u00ab&nbsp;Qui s\u2019\u00e9l\u00e8ve sera abaiss\u00e9&nbsp;; qui s\u2019abaisse sera \u00e9lev\u00e9. \u00bb Luc 18,14 &gt; Quand je relis ce c\u00e9l\u00e8bre verset biblique, me revient sans cesse en t\u00eate la fin de la c\u00e9l\u00e8bre tirade des \u00ab&nbsp;non merci&nbsp;\u00bb dans le \u00ab&nbsp;Cyrano de Bergerac&nbsp;\u00bb d\u2019Edmond Rostand&nbsp;: \u00ab&nbsp;N\u2019\u00e9crire jamais rien qui de soi ne sort\u00eet,Et modeste d\u2019ailleurs, se dire&nbsp;: mon petit,Sois satisfait des fleurs, des fruits, m\u00eame des feuilles,Si c\u2019est dans ton jardin \u00e0 toi que tu les cueilles&nbsp;!Puis, s\u2019il advient d\u2019un peu triompher, par hasard,Ne pas \u00eatre oblig\u00e9 d\u2019en rien rendre \u00e0 C\u00e9sar,Vis-\u00e0-vis de soi-m\u00eame en garder le m\u00e9rite,Bref, d\u00e9daignant d\u2019\u00eatre le lierre parasite,Lors m\u00eame qu\u2019on n\u2019est pas le ch\u00eane ou le tilleul,Ne pas monter \u2026 <a class=\"continue-reading-link\" href=\"https:\/\/levangilealecran.com\/?p=2658\"> Continue reading <span class=\"meta-nav\">&rarr; <\/span><\/a><\/p>\n","protected":false},"author":2006,"featured_media":0,"comment_status":"open","ping_status":"open","sticky":false,"template":"","format":"standard","meta":{"footnotes":""},"categories":[4,6],"tags":[743,826,80],"class_list":["post-2658","post","type-post","status-publish","format-standard","hentry","category-dimanche","category-luc","tag-abaissement","tag-elevation","tag-evangile"],"_links":{"self":[{"href":"https:\/\/levangilealecran.com\/index.php?rest_route=\/wp\/v2\/posts\/2658","targetHints":{"allow":["GET"]}}],"collection":[{"href":"https:\/\/levangilealecran.com\/index.php?rest_route=\/wp\/v2\/posts"}],"about":[{"href":"https:\/\/levangilealecran.com\/index.php?rest_route=\/wp\/v2\/types\/post"}],"author":[{"embeddable":true,"href":"https:\/\/levangilealecran.com\/index.php?rest_route=\/wp\/v2\/users\/2006"}],"replies":[{"embeddable":true,"href":"https:\/\/levangilealecran.com\/index.php?rest_route=%2Fwp%2Fv2%2Fcomments&post=2658"}],"version-history":[{"count":2,"href":"https:\/\/levangilealecran.com\/index.php?rest_route=\/wp\/v2\/posts\/2658\/revisions"}],"predecessor-version":[{"id":2661,"href":"https:\/\/levangilealecran.com\/index.php?rest_route=\/wp\/v2\/posts\/2658\/revisions\/2661"}],"wp:attachment":[{"href":"https:\/\/levangilealecran.com\/index.php?rest_route=%2Fwp%2Fv2%2Fmedia&parent=2658"}],"wp:term":[{"taxonomy":"category","embeddable":true,"href":"https:\/\/levangilealecran.com\/index.php?rest_route=%2Fwp%2Fv2%2Fcategories&post=2658"},{"taxonomy":"post_tag","embeddable":true,"href":"https:\/\/levangilealecran.com\/index.php?rest_route=%2Fwp%2Fv2%2Ftags&post=2658"}],"curies":[{"name":"wp","href":"https:\/\/api.w.org\/{rel}","templated":true}]}}