{"id":2654,"date":"2022-10-14T09:26:28","date_gmt":"2022-10-14T07:26:28","guid":{"rendered":"https:\/\/levangilealecran.com\/?p=2654"},"modified":"2022-10-14T09:26:28","modified_gmt":"2022-10-14T07:26:28","slug":"29e-dimanche-du-temps-ordinaire-c-16-octobre-2022","status":"publish","type":"post","link":"https:\/\/levangilealecran.com\/?p=2654","title":{"rendered":"29e dimanche du Temps ordinaire \u2013 C \u2013 16 octobre 2022"},"content":{"rendered":"\n<blockquote class=\"wp-block-quote is-style-default is-layout-flow wp-block-quote-is-layout-flow\"><p>J\u00e9sus disait \u00e0 ses disciples une parabole sur la n\u00e9cessit\u00e9 pour eux de toujours prier sans se d\u00e9courager.<\/p><cite>Luc 18, 1<\/cite><\/blockquote>\n\n\n\n<figure class=\"wp-block-image size-full is-resized\"><a href=\"https:\/\/levangilealecran.com\/wp-content\/uploads\/2022\/10\/stencil.facebook-ad-carousel-1.png\"><img loading=\"lazy\" decoding=\"async\" src=\"https:\/\/levangilealecran.com\/wp-content\/uploads\/2022\/10\/stencil.facebook-ad-carousel-1.png\" alt=\"\" class=\"wp-image-2655\" width=\"600\" height=\"600\" srcset=\"https:\/\/levangilealecran.com\/wp-content\/uploads\/2022\/10\/stencil.facebook-ad-carousel-1.png 1200w, https:\/\/levangilealecran.com\/wp-content\/uploads\/2022\/10\/stencil.facebook-ad-carousel-1-300x300.png 300w, https:\/\/levangilealecran.com\/wp-content\/uploads\/2022\/10\/stencil.facebook-ad-carousel-1-1024x1024.png 1024w, https:\/\/levangilealecran.com\/wp-content\/uploads\/2022\/10\/stencil.facebook-ad-carousel-1-150x150.png 150w, https:\/\/levangilealecran.com\/wp-content\/uploads\/2022\/10\/stencil.facebook-ad-carousel-1-768x768.png 768w\" sizes=\"auto, (max-width: 600px) 100vw, 600px\" \/><\/a><\/figure>\n\n\n\n<p class=\"wp-block-paragraph\">CONSTANCE &#8211; Cette parole que Christ prononce ne s\u2019adresse pas \u00e0 tous, mais plus particuli\u00e8rement aux disciples. C\u2019est-\u00e0-dire aux chr\u00e9tiens. J\u00e9sus envoie ses disciples en mission, comme lui-m\u00eame l\u2019a \u00e9t\u00e9. Il enseignait les foules, accordait des entretiens particuliers, gu\u00e9rissait des malades et passait beaucoup de temps dans l\u2019intercession. Il est notre mod\u00e8le.<\/p>\n\n\n\n<p class=\"wp-block-paragraph\"><strong>> Nous sommes appel\u00e9s \u00e0 faire les choses qu\u2019il a faites (et m\u00eame de plus grandes). Tout cela est possible quand la pri\u00e8re occupe une place centrale dans notre vie. Christ a d\u00e9chir\u00e9 le voile qui nous s\u00e9parait de Dieu. L\u2019acc\u00e8s nous est ouvert. Sans nous d\u00e9courager, portons-Lui nos requ\u00eates.<\/strong><\/p>\n","protected":false},"excerpt":{"rendered":"<p>J\u00e9sus disait \u00e0 ses disciples une parabole sur la n\u00e9cessit\u00e9 pour eux de toujours prier sans se d\u00e9courager. Luc 18, 1 CONSTANCE &#8211; Cette parole que Christ prononce ne s\u2019adresse pas \u00e0 tous, mais plus particuli\u00e8rement aux disciples. C\u2019est-\u00e0-dire aux chr\u00e9tiens. J\u00e9sus envoie ses disciples en mission, comme lui-m\u00eame l\u2019a \u00e9t\u00e9. Il enseignait les foules, accordait des entretiens particuliers, gu\u00e9rissait des malades et passait beaucoup de temps dans l\u2019intercession. Il est notre mod\u00e8le. > Nous sommes appel\u00e9s \u00e0 faire les choses qu\u2019il a faites (et m\u00eame de plus grandes). Tout cela est possible quand la pri\u00e8re occupe une place centrale dans notre vie. Christ a d\u00e9chir\u00e9 le voile qui nous \u2026 <a class=\"continue-reading-link\" href=\"https:\/\/levangilealecran.com\/?p=2654\"> Continue reading <span class=\"meta-nav\">&rarr; <\/span><\/a><\/p>\n","protected":false},"author":2005,"featured_media":0,"comment_status":"open","ping_status":"open","sticky":false,"template":"","format":"standard","meta":{"footnotes":""},"categories":[4,6],"tags":[],"class_list":["post-2654","post","type-post","status-publish","format-standard","hentry","category-dimanche","category-luc"],"_links":{"self":[{"href":"https:\/\/levangilealecran.com\/index.php?rest_route=\/wp\/v2\/posts\/2654","targetHints":{"allow":["GET"]}}],"collection":[{"href":"https:\/\/levangilealecran.com\/index.php?rest_route=\/wp\/v2\/posts"}],"about":[{"href":"https:\/\/levangilealecran.com\/index.php?rest_route=\/wp\/v2\/types\/post"}],"author":[{"embeddable":true,"href":"https:\/\/levangilealecran.com\/index.php?rest_route=\/wp\/v2\/users\/2005"}],"replies":[{"embeddable":true,"href":"https:\/\/levangilealecran.com\/index.php?rest_route=%2Fwp%2Fv2%2Fcomments&post=2654"}],"version-history":[{"count":1,"href":"https:\/\/levangilealecran.com\/index.php?rest_route=\/wp\/v2\/posts\/2654\/revisions"}],"predecessor-version":[{"id":2656,"href":"https:\/\/levangilealecran.com\/index.php?rest_route=\/wp\/v2\/posts\/2654\/revisions\/2656"}],"wp:attachment":[{"href":"https:\/\/levangilealecran.com\/index.php?rest_route=%2Fwp%2Fv2%2Fmedia&parent=2654"}],"wp:term":[{"taxonomy":"category","embeddable":true,"href":"https:\/\/levangilealecran.com\/index.php?rest_route=%2Fwp%2Fv2%2Fcategories&post=2654"},{"taxonomy":"post_tag","embeddable":true,"href":"https:\/\/levangilealecran.com\/index.php?rest_route=%2Fwp%2Fv2%2Ftags&post=2654"}],"curies":[{"name":"wp","href":"https:\/\/api.w.org\/{rel}","templated":true}]}}