{"id":2627,"date":"2022-09-02T08:00:00","date_gmt":"2022-09-02T06:00:00","guid":{"rendered":"https:\/\/levangilealecran.com\/?p=2627"},"modified":"2022-09-01T21:30:20","modified_gmt":"2022-09-01T19:30:20","slug":"23e-dimanche-du-temps-ordinaire-c-4-septembre-2022","status":"publish","type":"post","link":"https:\/\/levangilealecran.com\/?p=2627","title":{"rendered":"23e dimanche du Temps ordinaire \u2013 C \u2013 4 septembre 2022"},"content":{"rendered":"\n<blockquote class=\"wp-block-quote is-layout-flow wp-block-quote-is-layout-flow\"><p>\u00ab Si quelqu\u2019un vient \u00e0 moi&#8230; \u00bb<\/p><cite>Luc 14, 26<\/cite><\/blockquote>\n\n\n\n<figure class=\"wp-block-image size-large\"><a href=\"https:\/\/levangilealecran.com\/wp-content\/uploads\/2022\/09\/heart-3085515-scaled.jpg\"><img loading=\"lazy\" decoding=\"async\" width=\"1024\" height=\"386\" src=\"https:\/\/levangilealecran.com\/wp-content\/uploads\/2022\/09\/heart-3085515-1024x386.jpg\" alt=\"\" class=\"wp-image-2628\" srcset=\"https:\/\/levangilealecran.com\/wp-content\/uploads\/2022\/09\/heart-3085515-1024x386.jpg 1024w, https:\/\/levangilealecran.com\/wp-content\/uploads\/2022\/09\/heart-3085515-300x113.jpg 300w, https:\/\/levangilealecran.com\/wp-content\/uploads\/2022\/09\/heart-3085515-768x289.jpg 768w, https:\/\/levangilealecran.com\/wp-content\/uploads\/2022\/09\/heart-3085515-1536x579.jpg 1536w, https:\/\/levangilealecran.com\/wp-content\/uploads\/2022\/09\/heart-3085515-2048x771.jpg 2048w, https:\/\/levangilealecran.com\/wp-content\/uploads\/2022\/09\/heart-3085515-150x57.jpg 150w, https:\/\/levangilealecran.com\/wp-content\/uploads\/2022\/09\/heart-3085515-250x94.jpg 250w, https:\/\/levangilealecran.com\/wp-content\/uploads\/2022\/09\/heart-3085515-1320x497.jpg 1320w\" sizes=\"auto, (max-width: 1024px) 100vw, 1024px\" \/><\/a><\/figure>\n\n\n\n<p class=\"wp-block-paragraph\"><span style=\"text-decoration: underline;\">ATTACHEMENT<\/span><\/p>\n\n\n\n<p class=\"wp-block-paragraph\"><strong>> La parole que Christ prononce met en lumi\u00e8re un point essentiel de la foi : l\u2019attachement \u00e0 sa personne. Il dit : si quelqu\u2019un vient \u00e0 moi. Il n\u2019\u00e9voque pas la loi \u00e0 laquelle les juifs sont tant li\u00e9s. Souvent, la foi est associ\u00e9e \u00e0 des principes, des r\u00e8gles, des commandements\u2026 Ce qui induit des comptes, des coches et autres syst\u00e8mes d\u2019\u00e9valuation. J\u00e9sus souhaite nous lib\u00e9rer de toutes ces appr\u00e9ciations ; son d\u00e9sir est de nous mettre en marche, sur un chemin de pleine libert\u00e9. Il marche devant nous, c\u2019est Lui qui ouvre la voie, chassant tout ennemi. Alors, engageons-nous sans crainte, \u00e0 sa suite.<\/strong><\/p>\n","protected":false},"excerpt":{"rendered":"<p>\u00ab Si quelqu\u2019un vient \u00e0 moi&#8230; \u00bb Luc 14, 26 ATTACHEMENT > La parole que Christ prononce met en lumi\u00e8re un point essentiel de la foi : l\u2019attachement \u00e0 sa personne. Il dit : si quelqu\u2019un vient \u00e0 moi. Il n\u2019\u00e9voque pas la loi \u00e0 laquelle les juifs sont tant li\u00e9s. Souvent, la foi est associ\u00e9e \u00e0 des principes, des r\u00e8gles, des commandements\u2026 Ce qui induit des comptes, des coches et autres syst\u00e8mes d\u2019\u00e9valuation. J\u00e9sus souhaite nous lib\u00e9rer de toutes ces appr\u00e9ciations ; son d\u00e9sir est de nous mettre en marche, sur un chemin de pleine libert\u00e9. Il marche devant nous, c\u2019est Lui qui ouvre la voie, chassant tout ennemi. \u2026 <a class=\"continue-reading-link\" href=\"https:\/\/levangilealecran.com\/?p=2627\"> Continue reading <span class=\"meta-nav\">&rarr; <\/span><\/a><\/p>\n","protected":false},"author":2006,"featured_media":0,"comment_status":"open","ping_status":"open","sticky":false,"template":"","format":"standard","meta":{"footnotes":""},"categories":[4,6],"tags":[908,101,76,141,506],"class_list":["post-2627","post","type-post","status-publish","format-standard","hentry","category-dimanche","category-luc","tag-attachement","tag-chemin","tag-foi","tag-liberte","tag-suivre-le-christ"],"_links":{"self":[{"href":"https:\/\/levangilealecran.com\/index.php?rest_route=\/wp\/v2\/posts\/2627","targetHints":{"allow":["GET"]}}],"collection":[{"href":"https:\/\/levangilealecran.com\/index.php?rest_route=\/wp\/v2\/posts"}],"about":[{"href":"https:\/\/levangilealecran.com\/index.php?rest_route=\/wp\/v2\/types\/post"}],"author":[{"embeddable":true,"href":"https:\/\/levangilealecran.com\/index.php?rest_route=\/wp\/v2\/users\/2006"}],"replies":[{"embeddable":true,"href":"https:\/\/levangilealecran.com\/index.php?rest_route=%2Fwp%2Fv2%2Fcomments&post=2627"}],"version-history":[{"count":1,"href":"https:\/\/levangilealecran.com\/index.php?rest_route=\/wp\/v2\/posts\/2627\/revisions"}],"predecessor-version":[{"id":2629,"href":"https:\/\/levangilealecran.com\/index.php?rest_route=\/wp\/v2\/posts\/2627\/revisions\/2629"}],"wp:attachment":[{"href":"https:\/\/levangilealecran.com\/index.php?rest_route=%2Fwp%2Fv2%2Fmedia&parent=2627"}],"wp:term":[{"taxonomy":"category","embeddable":true,"href":"https:\/\/levangilealecran.com\/index.php?rest_route=%2Fwp%2Fv2%2Fcategories&post=2627"},{"taxonomy":"post_tag","embeddable":true,"href":"https:\/\/levangilealecran.com\/index.php?rest_route=%2Fwp%2Fv2%2Ftags&post=2627"}],"curies":[{"name":"wp","href":"https:\/\/api.w.org\/{rel}","templated":true}]}}