{"id":2623,"date":"2022-08-26T08:00:00","date_gmt":"2022-08-26T06:00:00","guid":{"rendered":"https:\/\/levangilealecran.com\/?p=2623"},"modified":"2022-08-23T21:08:35","modified_gmt":"2022-08-23T19:08:35","slug":"22e-dimanche-du-temps-ordinaire-c-28-aout-2022","status":"publish","type":"post","link":"https:\/\/levangilealecran.com\/?p=2623","title":{"rendered":"22e dimanche du Temps ordinaire \u2013 C \u2013 28 ao\u00fbt 2022"},"content":{"rendered":"\n<blockquote class=\"wp-block-quote is-layout-flow wp-block-quote-is-layout-flow\"><p>\u00ab Mon ami, avance plus haut \u00bb<\/p><cite>Luc 14,10<\/cite><\/blockquote>\n\n\n\n<figure class=\"wp-block-image size-full\"><a href=\"https:\/\/levangilealecran.com\/wp-content\/uploads\/2022\/08\/ImageEvEcr2022_8_26.jpg\"><img loading=\"lazy\" decoding=\"async\" width=\"600\" height=\"600\" src=\"https:\/\/levangilealecran.com\/wp-content\/uploads\/2022\/08\/ImageEvEcr2022_8_26.jpg\" alt=\"\" class=\"wp-image-2624\" srcset=\"https:\/\/levangilealecran.com\/wp-content\/uploads\/2022\/08\/ImageEvEcr2022_8_26.jpg 600w, https:\/\/levangilealecran.com\/wp-content\/uploads\/2022\/08\/ImageEvEcr2022_8_26-300x300.jpg 300w, https:\/\/levangilealecran.com\/wp-content\/uploads\/2022\/08\/ImageEvEcr2022_8_26-150x150.jpg 150w\" sizes=\"auto, (max-width: 600px) 100vw, 600px\" \/><\/a><\/figure>\n\n\n\n<p class=\"wp-block-paragraph\"><strong>> Alors que la soci\u00e9t\u00e9 d\u2019aujourd\u2019hui met en avant la performance, le succ\u00e8s, la puissance, le d\u00e9sir d\u2019aller toujours plus haut, en somme, l\u2019Evangile pr\u00each\u00e9 par J\u00e9sus dans cette parabole fait le mouvement inverse : pour s\u2019\u00e9lever, il faut s\u2019abaisser.<\/strong><\/p>\n\n\n\n<p class=\"wp-block-paragraph\"><strong>> Sommes-nous toujours pr\u00eats \u00e0 cela ? A laisser la meilleure place \u00e0 l\u2019autre pour l\u2019\u00e9lever ? A l\u00e2cher l\u2019orgueil et le d\u00e9sir de puissance ? A nous ouvrir \u00e0 la pauvret\u00e9 et \u00e0 la fragilit\u00e9, et \u00e0 faire de la place \u00e0 celles et ceux qui sont dans le manque ? Sommes-nous toujours pr\u00eats \u00e0 vivre l\u2019humilit\u00e9 \u00e9vang\u00e9lique dans la fraternit\u00e9 et la solidarit\u00e9 envers celles et ceux qui n\u2019ont rien ?<\/strong><\/p>\n\n\n\n<p class=\"wp-block-paragraph\"><strong>> Cette semaine, ce passage d\u2019Evangile nous invite \u00e0 m\u00e9diter sur nos attitudes et nos gestes de tous les jours. \u00ab Mon ami, avance plus haut \u00bb : comme un appel que le Christ nous lance pour prendre le chemin de l\u2019Evangile, celui de l\u2019humilit\u00e9 qui se couple avec l\u2019\u00e9l\u00e9vation de notre prochain, celui des gestes de fraternit\u00e9 et de solidarit\u00e9. Un chemin concret, \u00e0 vivre. Pour \u00ab avancer plus haut \u00bb. Et faire avancer le Royaume de Dieu.<\/strong><\/p>\n","protected":false},"excerpt":{"rendered":"<p>\u00ab Mon ami, avance plus haut \u00bb Luc 14,10 > Alors que la soci\u00e9t\u00e9 d\u2019aujourd\u2019hui met en avant la performance, le succ\u00e8s, la puissance, le d\u00e9sir d\u2019aller toujours plus haut, en somme, l\u2019Evangile pr\u00each\u00e9 par J\u00e9sus dans cette parabole fait le mouvement inverse : pour s\u2019\u00e9lever, il faut s\u2019abaisser. > Sommes-nous toujours pr\u00eats \u00e0 cela ? A laisser la meilleure place \u00e0 l\u2019autre pour l\u2019\u00e9lever ? A l\u00e2cher l\u2019orgueil et le d\u00e9sir de puissance ? A nous ouvrir \u00e0 la pauvret\u00e9 et \u00e0 la fragilit\u00e9, et \u00e0 faire de la place \u00e0 celles et ceux qui sont dans le manque ? Sommes-nous toujours pr\u00eats \u00e0 vivre l\u2019humilit\u00e9 \u00e9vang\u00e9lique dans la \u2026 <a class=\"continue-reading-link\" href=\"https:\/\/levangilealecran.com\/?p=2623\"> Continue reading <span class=\"meta-nav\">&rarr; <\/span><\/a><\/p>\n","protected":false},"author":2006,"featured_media":0,"comment_status":"open","ping_status":"open","sticky":false,"template":"","format":"standard","meta":{"footnotes":""},"categories":[4,6],"tags":[826,665,124,555,175,624],"class_list":["post-2623","post","type-post","status-publish","format-standard","hentry","category-dimanche","category-luc","tag-elevation","tag-fragilite","tag-humilite","tag-pauvrete","tag-royaume","tag-solidarite"],"_links":{"self":[{"href":"https:\/\/levangilealecran.com\/index.php?rest_route=\/wp\/v2\/posts\/2623","targetHints":{"allow":["GET"]}}],"collection":[{"href":"https:\/\/levangilealecran.com\/index.php?rest_route=\/wp\/v2\/posts"}],"about":[{"href":"https:\/\/levangilealecran.com\/index.php?rest_route=\/wp\/v2\/types\/post"}],"author":[{"embeddable":true,"href":"https:\/\/levangilealecran.com\/index.php?rest_route=\/wp\/v2\/users\/2006"}],"replies":[{"embeddable":true,"href":"https:\/\/levangilealecran.com\/index.php?rest_route=%2Fwp%2Fv2%2Fcomments&post=2623"}],"version-history":[{"count":1,"href":"https:\/\/levangilealecran.com\/index.php?rest_route=\/wp\/v2\/posts\/2623\/revisions"}],"predecessor-version":[{"id":2625,"href":"https:\/\/levangilealecran.com\/index.php?rest_route=\/wp\/v2\/posts\/2623\/revisions\/2625"}],"wp:attachment":[{"href":"https:\/\/levangilealecran.com\/index.php?rest_route=%2Fwp%2Fv2%2Fmedia&parent=2623"}],"wp:term":[{"taxonomy":"category","embeddable":true,"href":"https:\/\/levangilealecran.com\/index.php?rest_route=%2Fwp%2Fv2%2Fcategories&post=2623"},{"taxonomy":"post_tag","embeddable":true,"href":"https:\/\/levangilealecran.com\/index.php?rest_route=%2Fwp%2Fv2%2Ftags&post=2623"}],"curies":[{"name":"wp","href":"https:\/\/api.w.org\/{rel}","templated":true}]}}