{"id":2619,"date":"2022-08-19T08:00:00","date_gmt":"2022-08-19T06:00:00","guid":{"rendered":"https:\/\/levangilealecran.com\/?p=2619"},"modified":"2022-08-16T10:57:17","modified_gmt":"2022-08-16T08:57:17","slug":"21e-dimanche-du-temps-ordinaire-c-21-aout-2022","status":"publish","type":"post","link":"https:\/\/levangilealecran.com\/?p=2619","title":{"rendered":"21e dimanche du Temps ordinaire \u2013 C \u2013 21 ao\u00fbt 2022"},"content":{"rendered":"\n<blockquote class=\"wp-block-quote is-layout-flow wp-block-quote-is-layout-flow\"><p>\u00ab\u00a0Lorsque le ma\u00eetre de maison se sera lev\u00e9 pour fermer la porte,<br>si vous, du dehors, vous vous mettez \u00e0 frapper \u00e0 la porte, en disant :<br>\u2018Seigneur, ouvre-nous\u2019,<br>il vous r\u00e9pondra :<br>\u2018Je ne sais pas d\u2019o\u00f9 vous \u00eates. \u2019\u00a0\u00bb<\/p><cite>Luc 12,25<\/cite><\/blockquote>\n\n\n\n<figure class=\"wp-block-image size-large\"><a href=\"https:\/\/levangilealecran.com\/wp-content\/uploads\/2022\/08\/evEcr21.08-scaled.jpg\"><img loading=\"lazy\" decoding=\"async\" width=\"682\" height=\"1024\" src=\"https:\/\/levangilealecran.com\/wp-content\/uploads\/2022\/08\/evEcr21.08-682x1024.jpg\" alt=\"\" class=\"wp-image-2620\" srcset=\"https:\/\/levangilealecran.com\/wp-content\/uploads\/2022\/08\/evEcr21.08-682x1024.jpg 682w, https:\/\/levangilealecran.com\/wp-content\/uploads\/2022\/08\/evEcr21.08-200x300.jpg 200w, https:\/\/levangilealecran.com\/wp-content\/uploads\/2022\/08\/evEcr21.08-768x1153.jpg 768w, https:\/\/levangilealecran.com\/wp-content\/uploads\/2022\/08\/evEcr21.08-1024x1536.jpg 1024w, https:\/\/levangilealecran.com\/wp-content\/uploads\/2022\/08\/evEcr21.08-1365x2048.jpg 1365w, https:\/\/levangilealecran.com\/wp-content\/uploads\/2022\/08\/evEcr21.08-100x150.jpg 100w, https:\/\/levangilealecran.com\/wp-content\/uploads\/2022\/08\/evEcr21.08-1320x1981.jpg 1320w, https:\/\/levangilealecran.com\/wp-content\/uploads\/2022\/08\/evEcr21.08-scaled.jpg 1706w\" sizes=\"auto, (max-width: 682px) 100vw, 682px\" \/><\/a><\/figure>\n\n\n\n<p class=\"wp-block-paragraph\"><strong>> Voil\u00e0 un verset qui m\u2019invite \u00e0 penser\u2026\u00a0<\/strong><\/p>\n\n\n\n<p class=\"wp-block-paragraph\"><strong>> La porte qui m\u00e8ne au Royaume et \u00e0 ce festin promis est s\u00fbrement \u00e9troite, mais j\u2019ai surtout l\u2019impression que J\u00e9sus souhaite des vis-\u00e0-vis clairs et \u00e9clair\u00e9s pour s\u2019attabler avec lui\u00a0! \u00ab\u00a0Je ne sais pas d\u2019o\u00f9 vous \u00eates.\u00a0\u00bb, cela met le doigt sur les risques d\u2019inconsistance et de ti\u00e9deur\u2026\u00a0\u00ab\u00a0Ok tu t\u2019es peut-\u00eatre assis \u00e0 la m\u00eame table que moi et tu m\u2019as entendu pr\u00eacher, mais d\u2019o\u00f9 viens-tu\u00a0? quelle conviction t\u2019am\u00e8ne \u00e0 moi\u00a0? Quelle est l\u2019origine de ta foi et de ce qui te fait bouger spirituellement\u00a0?\u00a0\u00bb<\/strong><\/p>\n\n\n\n<p class=\"wp-block-paragraph\"><strong>> Il n\u2019y aura pas de check-list pour le salut, seulement un discernement v\u00e9ritable sur chacune de nos personnalit\u00e9s et une gr\u00e2ce infinie pour tous ceux qui sauront admettre le flou de leurs h\u00e9sitations et de leurs errances. Pour traverser le miroir \u00e0 travers lequel nous ne voyons qu\u2019obscur\u00e9ment et Le voir enfin face-\u00e0-face\u00a0!<\/strong><\/p>\n\n\n\n<p class=\"wp-block-paragraph\"><strong>> Seigneur, ton regard d\u2019Amour m\u2019aide \u00e0 sortir du flou et me dessine \u00e0 neuf selon ton dessein, pour ne pas rester dehors et isol\u00e9\u2026 Merci\u00a0!<\/strong><\/p>\n","protected":false},"excerpt":{"rendered":"<p>\u00ab\u00a0Lorsque le ma\u00eetre de maison se sera lev\u00e9 pour fermer la porte,si vous, du dehors, vous vous mettez \u00e0 frapper \u00e0 la porte, en disant :\u2018Seigneur, ouvre-nous\u2019,il vous r\u00e9pondra :\u2018Je ne sais pas d\u2019o\u00f9 vous \u00eates. \u2019\u00a0\u00bb Luc 12,25 > Voil\u00e0 un verset qui m\u2019invite \u00e0 penser\u2026\u00a0 > La porte qui m\u00e8ne au Royaume et \u00e0 ce festin promis est s\u00fbrement \u00e9troite, mais j\u2019ai surtout l\u2019impression que J\u00e9sus souhaite des vis-\u00e0-vis clairs et \u00e9clair\u00e9s pour s\u2019attabler avec lui\u00a0! \u00ab\u00a0Je ne sais pas d\u2019o\u00f9 vous \u00eates.\u00a0\u00bb, cela met le doigt sur les risques d\u2019inconsistance et de ti\u00e9deur\u2026\u00a0\u00ab\u00a0Ok tu t\u2019es peut-\u00eatre assis \u00e0 la m\u00eame table que moi et tu m\u2019as entendu \u2026 <a class=\"continue-reading-link\" href=\"https:\/\/levangilealecran.com\/?p=2619\"> Continue reading <span class=\"meta-nav\">&rarr; <\/span><\/a><\/p>\n","protected":false},"author":2006,"featured_media":0,"comment_status":"open","ping_status":"open","sticky":false,"template":"","format":"standard","meta":{"footnotes":""},"categories":[4,6],"tags":[670,206,907,352],"class_list":["post-2619","post","type-post","status-publish","format-standard","hentry","category-dimanche","category-luc","tag-discernement","tag-grace","tag-regard-damour","tag-salut"],"_links":{"self":[{"href":"https:\/\/levangilealecran.com\/index.php?rest_route=\/wp\/v2\/posts\/2619","targetHints":{"allow":["GET"]}}],"collection":[{"href":"https:\/\/levangilealecran.com\/index.php?rest_route=\/wp\/v2\/posts"}],"about":[{"href":"https:\/\/levangilealecran.com\/index.php?rest_route=\/wp\/v2\/types\/post"}],"author":[{"embeddable":true,"href":"https:\/\/levangilealecran.com\/index.php?rest_route=\/wp\/v2\/users\/2006"}],"replies":[{"embeddable":true,"href":"https:\/\/levangilealecran.com\/index.php?rest_route=%2Fwp%2Fv2%2Fcomments&post=2619"}],"version-history":[{"count":1,"href":"https:\/\/levangilealecran.com\/index.php?rest_route=\/wp\/v2\/posts\/2619\/revisions"}],"predecessor-version":[{"id":2621,"href":"https:\/\/levangilealecran.com\/index.php?rest_route=\/wp\/v2\/posts\/2619\/revisions\/2621"}],"wp:attachment":[{"href":"https:\/\/levangilealecran.com\/index.php?rest_route=%2Fwp%2Fv2%2Fmedia&parent=2619"}],"wp:term":[{"taxonomy":"category","embeddable":true,"href":"https:\/\/levangilealecran.com\/index.php?rest_route=%2Fwp%2Fv2%2Fcategories&post=2619"},{"taxonomy":"post_tag","embeddable":true,"href":"https:\/\/levangilealecran.com\/index.php?rest_route=%2Fwp%2Fv2%2Ftags&post=2619"}],"curies":[{"name":"wp","href":"https:\/\/api.w.org\/{rel}","templated":true}]}}