{"id":2614,"date":"2022-08-12T08:00:00","date_gmt":"2022-08-12T06:00:00","guid":{"rendered":"https:\/\/levangilealecran.com\/?p=2614"},"modified":"2022-08-11T12:45:04","modified_gmt":"2022-08-11T10:45:04","slug":"20e-dimanche-du-temps-ordinaire-c-14-aout-2022","status":"publish","type":"post","link":"https:\/\/levangilealecran.com\/?p=2614","title":{"rendered":"20e dimanche du Temps ordinaire \u2013 C \u2013 14 ao\u00fbt 2022"},"content":{"rendered":"\n<blockquote class=\"wp-block-quote is-layout-flow wp-block-quote-is-layout-flow\"><p>Je suis venu jeter un feu sur la terre ; comme je voudrais qu\u2019il soit d\u00e9j\u00e0 allum\u00e9 !<\/p><cite>(Luc 12, 49)<\/cite><\/blockquote>\n\n\n\n<figure class=\"wp-block-image size-full is-resized\"><a href=\"https:\/\/levangilealecran.com\/wp-content\/uploads\/2022\/08\/20220814_Lc1249.png\"><img loading=\"lazy\" decoding=\"async\" src=\"https:\/\/levangilealecran.com\/wp-content\/uploads\/2022\/08\/20220814_Lc1249.png\" alt=\"\" class=\"wp-image-2615\" width=\"600\" height=\"600\" srcset=\"https:\/\/levangilealecran.com\/wp-content\/uploads\/2022\/08\/20220814_Lc1249.png 1200w, https:\/\/levangilealecran.com\/wp-content\/uploads\/2022\/08\/20220814_Lc1249-300x300.png 300w, https:\/\/levangilealecran.com\/wp-content\/uploads\/2022\/08\/20220814_Lc1249-1024x1024.png 1024w, https:\/\/levangilealecran.com\/wp-content\/uploads\/2022\/08\/20220814_Lc1249-150x150.png 150w, https:\/\/levangilealecran.com\/wp-content\/uploads\/2022\/08\/20220814_Lc1249-768x768.png 768w\" sizes=\"auto, (max-width: 600px) 100vw, 600px\" \/><\/a><\/figure>\n\n\n\n<p class=\"wp-block-paragraph\"><strong>> L&rsquo;\u00c9vangile de cette semaine est dur \u00e0 premi\u00e8re vue. Il parle de division dans la famille, de guerre. On est loin du \u00ab\u00a0je vous donne ma paix\u00a0\u00bb dont on a l&rsquo;habitude de se souvenir. Il parle aussi de feu sur la terre, et les images d&rsquo;incendies de ces derni\u00e8res semaines nous donnent encore plus de peine \u00e0 comprendre le message. Cet \u00e9vangile fait suite \u00e0 une s\u00e9rie de conseil de J\u00e9sus sur comment se comporter en l&rsquo;absence du Ma\u00eetre, comment \u00eatre dans l&rsquo;attente et pr\u00eat \u00e0 le recevoir. Le feu qui br\u00fble les impuret\u00e9s et r\u00e9chauffe le c\u0153ur, c&rsquo;est celui-ci que nous devons par l&rsquo;Esprit Saint transmettre. Et s&rsquo;il est vrai que certains vont accepter ce feu, beaucoup sont heurt\u00e9s par le message du Christianisme, c&rsquo;est peut-\u00eatre cette division dont il est question.<br>> Soyons des porteurs d&rsquo;esp\u00e9rance et si cela divise autour de nous, demandons \u00e0 l&rsquo;Esprit la force de tenir bon. Soyez b\u00e9nis !<\/strong><\/p>\n","protected":false},"excerpt":{"rendered":"<p>Je suis venu jeter un feu sur la terre ; comme je voudrais qu\u2019il soit d\u00e9j\u00e0 allum\u00e9 ! (Luc 12, 49) > L&rsquo;\u00c9vangile de cette semaine est dur \u00e0 premi\u00e8re vue. Il parle de division dans la famille, de guerre. On est loin du \u00ab\u00a0je vous donne ma paix\u00a0\u00bb dont on a l&rsquo;habitude de se souvenir. Il parle aussi de feu sur la terre, et les images d&rsquo;incendies de ces derni\u00e8res semaines nous donnent encore plus de peine \u00e0 comprendre le message. Cet \u00e9vangile fait suite \u00e0 une s\u00e9rie de conseil de J\u00e9sus sur comment se comporter en l&rsquo;absence du Ma\u00eetre, comment \u00eatre dans l&rsquo;attente et pr\u00eat \u00e0 le recevoir. \u2026 <a class=\"continue-reading-link\" href=\"https:\/\/levangilealecran.com\/?p=2614\"> Continue reading <span class=\"meta-nav\">&rarr; <\/span><\/a><\/p>\n","protected":false},"author":2005,"featured_media":0,"comment_status":"open","ping_status":"open","sticky":false,"template":"","format":"standard","meta":{"footnotes":""},"categories":[4,6],"tags":[226,641,119],"class_list":["post-2614","post","type-post","status-publish","format-standard","hentry","category-dimanche","category-luc","tag-bapteme","tag-division","tag-feu"],"_links":{"self":[{"href":"https:\/\/levangilealecran.com\/index.php?rest_route=\/wp\/v2\/posts\/2614","targetHints":{"allow":["GET"]}}],"collection":[{"href":"https:\/\/levangilealecran.com\/index.php?rest_route=\/wp\/v2\/posts"}],"about":[{"href":"https:\/\/levangilealecran.com\/index.php?rest_route=\/wp\/v2\/types\/post"}],"author":[{"embeddable":true,"href":"https:\/\/levangilealecran.com\/index.php?rest_route=\/wp\/v2\/users\/2005"}],"replies":[{"embeddable":true,"href":"https:\/\/levangilealecran.com\/index.php?rest_route=%2Fwp%2Fv2%2Fcomments&post=2614"}],"version-history":[{"count":1,"href":"https:\/\/levangilealecran.com\/index.php?rest_route=\/wp\/v2\/posts\/2614\/revisions"}],"predecessor-version":[{"id":2616,"href":"https:\/\/levangilealecran.com\/index.php?rest_route=\/wp\/v2\/posts\/2614\/revisions\/2616"}],"wp:attachment":[{"href":"https:\/\/levangilealecran.com\/index.php?rest_route=%2Fwp%2Fv2%2Fmedia&parent=2614"}],"wp:term":[{"taxonomy":"category","embeddable":true,"href":"https:\/\/levangilealecran.com\/index.php?rest_route=%2Fwp%2Fv2%2Fcategories&post=2614"},{"taxonomy":"post_tag","embeddable":true,"href":"https:\/\/levangilealecran.com\/index.php?rest_route=%2Fwp%2Fv2%2Ftags&post=2614"}],"curies":[{"name":"wp","href":"https:\/\/api.w.org\/{rel}","templated":true}]}}